{"id":16359,"date":"2026-09-01T15:00:00","date_gmt":"2026-09-01T13:00:00","guid":{"rendered":"https:\/\/www.safecreative.org\/tips\/es\/?p=16359"},"modified":"2026-08-19T12:55:26","modified_gmt":"2026-08-19T10:55:26","slug":"los-26-concursos-a-los-que-puedes-presentarte-hasta-el-30-de-septiembre","status":"publish","type":"post","link":"https:\/\/www.safecreative.org\/tips\/es\/los-26-concursos-a-los-que-puedes-presentarte-hasta-el-30-de-septiembre\/","title":{"rendered":"Los\u00a026\u00a0concursos a los que puedes presentarte\u00a0hasta el 30 de\u00a0septiembre"},"content":{"rendered":"\n<p class=\"wp-block-paragraph\">Septiembre marca el inicio&nbsp;de la temporada creativa y&nbsp;acostumbra a ser el mes en el que medio pa\u00eds anda enviando obras a concursos literarios y art\u00edsticos.&nbsp;Escritores, pintores y dem\u00e1s creadores&nbsp;siguen teniendo la oportunidad&nbsp;para lucirse, en un mes donde la poes\u00eda, el relato y la pintura vuelven a ser las categor\u00edas&nbsp;con m\u00e1s concursos abiertos.&nbsp;Categor\u00edas menos frecuentes, como el manga, el arte digital o la m\u00fasica tambi\u00e9n tienen su hueco con concursos espec\u00edficos para estos creadores. A continuaci\u00f3n, os damos&nbsp;<strong>las claves de los 26 cert\u00e1menes cuyo plazo de presentaci\u00f3n concluye en el 30 de septiembre de 2026.<\/strong>&nbsp;<\/p>\n\n\n\n<h2 id=\"h-poesia\" class=\"wp-block-heading\">POES\u00cdA\u00a0<\/h2>\n\n\n\n<h3 id=\"h-certamen-internacional-de-poesia-mistica-malagon\" class=\"wp-block-heading\">Certamen Internacional de Poes\u00eda M\u00edstica Malag\u00f3n\u00a0\u00a0<\/h3>\n\n\n\n<p class=\"wp-block-paragraph\">Edici\u00f3n (2026): XL&nbsp;<\/p>\n\n\n\n<p class=\"wp-block-paragraph\">Convoca: Asociaci\u00f3n Cultural Santa Teresa.\u00a0<\/p>\n\n\n\n<p class=\"wp-block-paragraph\">Cl\u00e1usulas: las obras deber\u00e1n resaltar la personalidad de Santa Teresa y su valor m\u00edstico. M\u00e1ximo 100 versos.\u00a0<\/p>\n\n\n\n<p class=\"wp-block-paragraph\">Plazo de presentaci\u00f3n: hasta el 21 de septiembre de 2026.\u00a0<\/p>\n\n\n\n<p class=\"wp-block-paragraph\">Cuant\u00eda premio: 1.500 euros y 750 euros (acc\u00e9sit).&nbsp;<\/p>\n\n\n\n<p class=\"wp-block-paragraph\"><a href=\"https:\/\/malagon.es\/?p=94575\" target=\"_blank\" rel=\"noreferrer noopener\">Bases<\/a>&nbsp;<\/p>\n\n\n\n<h3 id=\"h-premio-de-poesia-julio-mariscal\" class=\"wp-block-heading\">Premio de Poes\u00eda Julio Mariscal\u00a0\u00a0<\/h3>\n\n\n\n<p class=\"wp-block-paragraph\">Edici\u00f3n (2026): II&nbsp;<\/p>\n\n\n\n<p class=\"wp-block-paragraph\">Convoca: Asociaci\u00f3n Cultural Pie de P\u00e1gina.&nbsp;<\/p>\n\n\n\n<p class=\"wp-block-paragraph\">Cl\u00e1usulas: sin m\u00e1ximo ni m\u00ednimo de versos.\u00a0<\/p>\n\n\n\n<p class=\"wp-block-paragraph\">Plazo de presentaci\u00f3n: hasta el 24 de septiembre de 2026.\u00a0<\/p>\n\n\n\n<p class=\"wp-block-paragraph\">Cuant\u00eda premio: 1.500 euros.&nbsp;<\/p>\n\n\n\n<p class=\"wp-block-paragraph\"><a href=\"https:\/\/piedepagina.org\/\" target=\"_blank\" rel=\"noreferrer noopener\">Bases<\/a>&nbsp;<\/p>\n\n\n\n<h3 id=\"h-certamen-internacional-de-poesia-gaspar-esteva-sobre-derechos-humanos\" class=\"wp-block-heading\">Certamen Internacional de Poes\u00eda Gaspar Esteva sobre Derechos Humanos\u00a0\u00a0<\/h3>\n\n\n\n<p class=\"wp-block-paragraph\">Edici\u00f3n (2026): II&nbsp;<\/p>\n\n\n\n<p class=\"wp-block-paragraph\">Convoca: Asociaci\u00f3n Sociocultural&nbsp;AguaViva&nbsp;para Costa y Alpujarra.&nbsp;<\/p>\n\n\n\n<p class=\"wp-block-paragraph\">Cl\u00e1usulas: los poemas deben estar relacionados con los derechos humanos. fundamentales. Extensi\u00f3n m\u00ednima de 100 versos y m\u00e1xima de 500.\u00a0<\/p>\n\n\n\n<p class=\"wp-block-paragraph\">Plazo de presentaci\u00f3n: hasta el 30 de septiembre de 2026.\u00a0<\/p>\n\n\n\n<p class=\"wp-block-paragraph\">Cuant\u00eda premio: 1.000 euros.&nbsp;<\/p>\n\n\n\n<p class=\"wp-block-paragraph\"><a href=\"https:\/\/aguavivacostayalpujarra.blogspot.com\/2026\/05\/ii-certamen-internacional-de-poesia.html\" target=\"_blank\" rel=\"noreferrer noopener\">Bases<\/a>&nbsp;<\/p>\n\n\n\n<h3 id=\"h-premio-de-poesia-rincon-de-la-victoria-in-memoriam-salvador-rueda\" class=\"wp-block-heading\">Premio de Poes\u00eda Rinc\u00f3n de la Victoria In Memoriam Salvador Rueda\u00a0\u00a0<\/h3>\n\n\n\n<p class=\"wp-block-paragraph\">Edici\u00f3n (2026): XXXIV&nbsp;<\/p>\n\n\n\n<p class=\"wp-block-paragraph\">Convoca: Ayuntamiento de Rinc\u00f3n de la Victoria (M\u00e1laga).&nbsp;<\/p>\n\n\n\n<p class=\"wp-block-paragraph\">Cl\u00e1usulas: tema y forma libres. Extensi\u00f3n m\u00ednima de 500 versos y m\u00e1xima de 1.000.\u00a0<\/p>\n\n\n\n<p class=\"wp-block-paragraph\">Plazo de presentaci\u00f3n: hasta el 30 de septiembre de 2026.\u00a0<\/p>\n\n\n\n<p class=\"wp-block-paragraph\">Cuant\u00eda premio: 3.000 euros.&nbsp;<\/p>\n\n\n\n<p class=\"wp-block-paragraph\"><a href=\"https:\/\/www.rincondelavictoria.es\/sites\/default\/files\/2026-05\/Bases%20Premio%20de%20Pes%C3%ADa%202026.pdf\" target=\"_blank\" rel=\"noreferrer noopener\">Bases<\/a>&nbsp;<\/p>\n\n\n\n<h3 id=\"h-premio-de-poesia-rafael-morales\" class=\"wp-block-heading\">Premio de Poes\u00eda Rafael Morales\u00a0\u00a0<\/h3>\n\n\n\n<p class=\"wp-block-paragraph\">Edici\u00f3n (2026): LII&nbsp;&nbsp;<\/p>\n\n\n\n<p class=\"wp-block-paragraph\">Convoca: Ayuntamiento de Talavera de la Reina (Toledo).&nbsp;<\/p>\n\n\n\n<p class=\"wp-block-paragraph\">Cl\u00e1usulas: extensi\u00f3n m\u00ednima de 750 versos y m\u00e1xima de 1.000.\u00a0<\/p>\n\n\n\n<p class=\"wp-block-paragraph\">Plazo de presentaci\u00f3n: hasta el 30 de septiembre de 2026.\u00a0<\/p>\n\n\n\n<p class=\"wp-block-paragraph\">Cuant\u00eda premio: 9.000 euros.&nbsp;<\/p>\n\n\n\n<p class=\"wp-block-paragraph\"><a href=\"https:\/\/www.escritores.org\/concursos\/BASES%20PREMIO%20RAFAEL%20MORALES.pdf\" target=\"_blank\" rel=\"noreferrer noopener\">Bases<\/a>&nbsp;<\/p>\n\n\n\n<h3 id=\"h-premio-de-poesia-joaquin-benito-de-lucas\" class=\"wp-block-heading\">Premio de Poes\u00eda Joaqu\u00edn Benito de Lucas\u00a0\u00a0<\/h3>\n\n\n\n<p class=\"wp-block-paragraph\">Edici\u00f3n (2026): XLI&nbsp;<\/p>\n\n\n\n<p class=\"wp-block-paragraph\">Convoca: Ayuntamiento de Talavera de la Reina (Toledo).&nbsp;<\/p>\n\n\n\n<p class=\"wp-block-paragraph\">Cl\u00e1usulas: extensi\u00f3n m\u00ednima de 500 versos y m\u00e1xima de 749.\u00a0<\/p>\n\n\n\n<p class=\"wp-block-paragraph\">Plazo de presentaci\u00f3n: hasta el 30 de septiembre de 2026.\u00a0<\/p>\n\n\n\n<p class=\"wp-block-paragraph\">Cuant\u00eda premio: 3.000 euros.&nbsp;<\/p>\n\n\n\n<p class=\"wp-block-paragraph\"><a href=\"https:\/\/www.estandarte.com\/premios-literarios\/xli-premio-de-poesia-joaquin-benito-de-lucas_2732.html\" target=\"_blank\" rel=\"noreferrer noopener\">Bases<\/a>&nbsp;<\/p>\n\n\n\n<h3 id=\"h-premio-de-poesia-caceres-patrimonio-de-la-humanidad\" class=\"wp-block-heading\">Premio de Poes\u00eda C\u00e1ceres Patrimonio de la Humanidad\u00a0\u00a0<\/h3>\n\n\n\n<p class=\"wp-block-paragraph\">Edici\u00f3n (2026): XXXII&nbsp;<\/p>\n\n\n\n<p class=\"wp-block-paragraph\">Convoca: Ayuntamiento de C\u00e1ceres.&nbsp;<\/p>\n\n\n\n<p class=\"wp-block-paragraph\">Cl\u00e1usulas: extensi\u00f3n m\u00ednima de 500 versos.\u00a0<\/p>\n\n\n\n<p class=\"wp-block-paragraph\">Plazo de presentaci\u00f3n: hasta el 30 de septiembre de 2026.\u00a0<\/p>\n\n\n\n<p class=\"wp-block-paragraph\">Cuant\u00eda premio: 6.000 euros.&nbsp;<\/p>\n\n\n\n<p class=\"wp-block-paragraph\"><a href=\"https:\/\/www.ayto-caceres.es\/wp-content\/uploads\/2026\/05\/ANUNCIO_BASES_BOP-POESIA-2026.pdf\" target=\"_blank\" rel=\"noreferrer noopener\">Bases<\/a>&nbsp;<\/p>\n\n\n\n<h2 id=\"h-relato-y-microrrelato\" class=\"wp-block-heading\">RELATO Y MICRORRELATO\u00a0<\/h2>\n\n\n\n<h3 id=\"h-certamen-de-relato-breve-de-la-red-de-bibliotecas-de-illescas\" class=\"wp-block-heading\">Certamen de Relato Breve de la Red de Bibliotecas de Illescas\u00a0\u00a0<\/h3>\n\n\n\n<p class=\"wp-block-paragraph\">Edici\u00f3n (2026): XII&nbsp;<\/p>\n\n\n\n<p class=\"wp-block-paragraph\">Convoca: Biblioteca de Illescas (Toledo).&nbsp;<\/p>\n\n\n\n<p class=\"wp-block-paragraph\">Cl\u00e1usulas: tema libre. La extensi\u00f3n no ser\u00e1 superior a cuatro p\u00e1ginas.\u00a0<\/p>\n\n\n\n<p class=\"wp-block-paragraph\">Plazo de presentaci\u00f3n: hasta el 20 de septiembre de 2026.\u00a0<\/p>\n\n\n\n<p class=\"wp-block-paragraph\">Cuant\u00eda premio: 1.000 euros (1\u00ba), 700 euros (2\u00ba) y 400 euros (3\u00ba).&nbsp;<\/p>\n\n\n\n<p class=\"wp-block-paragraph\"><a href=\"https:\/\/illescas.es\/wp-content\/uploads\/2026\/05\/Convocatoria-XII-Certamen-Relato-Breve-edicion-2025-1.docx\" target=\"_blank\" rel=\"noreferrer noopener\">Bases<\/a>&nbsp;<\/p>\n\n\n\n<h3 id=\"h-certamen-internacional-de-microrrelatos-cardenal-mendoza\" class=\"wp-block-heading\">Certamen Internacional de Microrrelatos Cardenal Mendoza\u00a0\u00a0<\/h3>\n\n\n\n<p class=\"wp-block-paragraph\">Edici\u00f3n (2026): XV&nbsp;<\/p>\n\n\n\n<p class=\"wp-block-paragraph\">Convoca: Bodegas S\u00e1nchez Romate Hermanos.&nbsp;<\/p>\n\n\n\n<p class=\"wp-block-paragraph\">Cl\u00e1usulas: el tema har\u00e1 referencia de alg\u00fan modo al brandy de Jerez. Extensi\u00f3n de 150 palabras como m\u00e1ximo.\u00a0<\/p>\n\n\n\n<p class=\"wp-block-paragraph\">Plazo de presentaci\u00f3n: hasta el 30 de septiembre de 2026.\u00a0<\/p>\n\n\n\n<p class=\"wp-block-paragraph\">Cuant\u00eda premio: 2.000 euros (1\u00ba), 700 euros (2\u00ba) y 600 euros (3\u00ba).&nbsp;<\/p>\n\n\n\n<p class=\"wp-block-paragraph\"><a href=\"https:\/\/www.cardenalmendoza.com\/es\/el-legado-romate\/certamen-internacional-de-microrrelatos\" target=\"_blank\" rel=\"noreferrer noopener\">Bases<\/a>&nbsp;<\/p>\n\n\n\n<h3 id=\"h-certamen-de-relatos-cortos-rincon-de-la-victoria-en-homenaje-a-gloria-fuertes\" class=\"wp-block-heading\">Certamen de Relatos Cortos Rinc\u00f3n de la Victoria, en homenaje a Gloria Fuertes\u00a0\u00a0<\/h3>\n\n\n\n<p class=\"wp-block-paragraph\">Edici\u00f3n (2026): IX&nbsp;<\/p>\n\n\n\n<p class=\"wp-block-paragraph\">Convoca: Ayuntamiento de Rinc\u00f3n de la Victoria (M\u00e1laga).&nbsp;<\/p>\n\n\n\n<p class=\"wp-block-paragraph\">Cl\u00e1usulas: m\u00ednimo de 1.000 palabras y m\u00e1ximo de 1.500.\u00a0<\/p>\n\n\n\n<p class=\"wp-block-paragraph\">Plazo de presentaci\u00f3n: hasta el 30 de septiembre de 2026.\u00a0<\/p>\n\n\n\n<p class=\"wp-block-paragraph\">Cuant\u00eda premio: 2.000 euros.&nbsp;<\/p>\n\n\n\n<p class=\"wp-block-paragraph\"><a href=\"https:\/\/www.rincondelavictoria.es\/sites\/default\/files\/2026-05\/Bases%20Certamen%20Relatos%20Cortos_0.pdf\" target=\"_blank\" rel=\"noreferrer noopener\">Bases<\/a>&nbsp;<\/p>\n\n\n\n<h3 id=\"h-premio-de-microrrelatos-rincon-de-la-victoria-antonio-garrido-moraga\" class=\"wp-block-heading\">Premio de Microrrelatos Rinc\u00f3n de la Victoria Antonio Garrido Moraga\u00a0\u00a0<\/h3>\n\n\n\n<p class=\"wp-block-paragraph\">Edici\u00f3n (2026): IX&nbsp;<\/p>\n\n\n\n<p class=\"wp-block-paragraph\">Convoca: Ayuntamiento de Rinc\u00f3n de la Victoria (M\u00e1laga).\u00a0<\/p>\n\n\n\n<p class=\"wp-block-paragraph\">Cl\u00e1usulas: tem\u00e1tica libre, extensi\u00f3n m\u00e1xima de 100 palabras\u00a0<\/p>\n\n\n\n<p class=\"wp-block-paragraph\">Plazo de presentaci\u00f3n: hasta el 30 de septiembre de 2026.\u00a0<\/p>\n\n\n\n<p class=\"wp-block-paragraph\">Cuant\u00eda premio: 1.000 euros.&nbsp;<\/p>\n\n\n\n<p class=\"wp-block-paragraph\"><a href=\"https:\/\/www.rincondelavictoria.es\/sites\/default\/files\/2026-05\/Bases%20IX%20Premio%20de%20Microrrelatos%202026.pdf\" target=\"_blank\" rel=\"noreferrer noopener\">Bases<\/a>&nbsp;<\/p>\n\n\n\n<h3 id=\"h-premio-internacional-de-relatos-sobre-olivar-aceite-de-oliva-y-oleoturismo\" class=\"wp-block-heading\">Premio Internacional de Relatos sobre Olivar, Aceite de Oliva y\u00a0Oleoturismo\u00a0\u00a0<\/h3>\n\n\n\n<p class=\"wp-block-paragraph\">Categor\u00eda: Relato y microrrelato.&nbsp;<\/p>\n\n\n\n<p class=\"wp-block-paragraph\">Edici\u00f3n (2026): IX&nbsp;<\/p>\n\n\n\n<p class=\"wp-block-paragraph\">Convoca: Ferias Ja\u00e9n (Ifeja) y Asociaci\u00f3n Cultural&nbsp;Masquecuentos.&nbsp;<\/p>\n\n\n\n<p class=\"wp-block-paragraph\">Cl\u00e1usulas: los trabajos deber\u00e1n aludir al olivar, el aceite de oliva o el\u00a0oleoturismo. Relatos de entre 1.500 y 3.000 palabras, y microrrelatos entre 100 y 200 palabras.\u00a0<\/p>\n\n\n\n<p class=\"wp-block-paragraph\">Plazo de presentaci\u00f3n: hasta el 30 de septiembre de 2026.\u00a0<\/p>\n\n\n\n<p class=\"wp-block-paragraph\">Cuant\u00eda premio: 1.000 y 500 euros (relato) y 600 y 400 euros (microrrelato).&nbsp;<\/p>\n\n\n\n<p class=\"wp-block-paragraph\"><a href=\"https:\/\/masquecuentos.es\/basesdelpremio\/\" target=\"_blank\" rel=\"noreferrer noopener\">Bases<\/a>&nbsp;<\/p>\n\n\n\n<h3 id=\"h-premio-de-relato-corto-policia-nacional\" class=\"wp-block-heading\">Premio de Relato Corto Polic\u00eda Nacional\u00a0\u00a0<\/h3>\n\n\n\n<p class=\"wp-block-paragraph\">Edici\u00f3n (2026): XXXVI&nbsp;<\/p>\n\n\n\n<p class=\"wp-block-paragraph\">Convoca: Fundaci\u00f3n Polic\u00eda Espa\u00f1ola, Fundaci\u00f3n&nbsp;Globalcaja&nbsp;Albacete y Veolia.&nbsp;<\/p>\n\n\n\n<p class=\"wp-block-paragraph\">Cl\u00e1usulas: las obras deber\u00e1n estar adscritas al g\u00e9nero policiaco, criminal o de suspense, y ser respetuosas con la labor de la Polic\u00eda Nacional. Extensi\u00f3n entre 5 y 15 p\u00e1ginas.\u00a0<\/p>\n\n\n\n<p class=\"wp-block-paragraph\">Plazo de presentaci\u00f3n: hasta el 30 de septiembre de 2026.\u00a0<\/p>\n\n\n\n<p class=\"wp-block-paragraph\">Cuant\u00eda premio: 3.000 euros (ganador) y 500 euros (finalista).&nbsp;<\/p>\n\n\n\n<p class=\"wp-block-paragraph\"><a href=\"https:\/\/xn--fundacionpoliciaespaola-cic.es\/convocatoria-xxxvi-certamen-literario-premio-de-relato-corto-policia-nacional\/\" target=\"_blank\" rel=\"noreferrer noopener\">Bases<\/a>&nbsp;<\/p>\n\n\n\n<h3 id=\"h-certamen-de-relato-corto-gastronomico\" class=\"wp-block-heading\">Certamen de Relato Corto Gastron\u00f3mico\u00a0\u00a0<\/h3>\n\n\n\n<p class=\"wp-block-paragraph\">Edici\u00f3n (2026): I&nbsp;<\/p>\n\n\n\n<p class=\"wp-block-paragraph\">Convoca: Real Academia de la Gastronom\u00eda.&nbsp;<\/p>\n\n\n\n<p class=\"wp-block-paragraph\">Cl\u00e1usulas: las obras deber\u00e1n explorar la capacidad de la gastronom\u00eda para tejer lazos entre personas, culturas y comunidades. Cada relato tendr\u00e1 entre 3.000 y 7.000 palabras.\u00a0\u00a0<\/p>\n\n\n\n<p class=\"wp-block-paragraph\">Plazo de presentaci\u00f3n: hasta el 30 de septiembre de 2026\u00a0<\/p>\n\n\n\n<p class=\"wp-block-paragraph\">Cuant\u00eda premio: 5.000 euros (1\u00ba) y 1.000 euros (2\u00ba).&nbsp;<\/p>\n\n\n\n<p class=\"wp-block-paragraph\"><a href=\"https:\/\/realacademiadegastronomia.com\/certamen-de-relato-corto-gastronomico\/\" target=\"_blank\" rel=\"noreferrer noopener\">Bases<\/a>&nbsp;<\/p>\n\n\n\n<h2 id=\"h-varias-categorias\" class=\"wp-block-heading\">VARIAS CATEGOR\u00cdAS\u00a0<\/h2>\n\n\n\n<h3 id=\"h-premios-literarios-fundacion-kutxa\" class=\"wp-block-heading\">Premios Literarios Fundaci\u00f3n Kutxa\u00a0\u00a0<\/h3>\n\n\n\n<p class=\"wp-block-paragraph\">Categor\u00eda: Poes\u00eda y novela.&nbsp;<\/p>\n\n\n\n<p class=\"wp-block-paragraph\">Edici\u00f3n (2026): 47\u00aa&nbsp;<\/p>\n\n\n\n<p class=\"wp-block-paragraph\">Convoca: Fundaci\u00f3n Kutxa.&nbsp;<\/p>\n\n\n\n<p class=\"wp-block-paragraph\">Cl\u00e1usulas: Novela: extensi\u00f3n m\u00ednima de 150 p\u00e1ginas. Poes\u00eda: extensi\u00f3n m\u00ednima de 1.000 versos.&nbsp;&nbsp;<\/p>\n\n\n\n<p class=\"wp-block-paragraph\">Plazo de presentaci\u00f3n: hasta el 21 de septiembre de 2026.\u00a0<\/p>\n\n\n\n<p class=\"wp-block-paragraph\">Cuant\u00eda premio: 20.000 euros (novela) y 15.000 euros (poes\u00eda).&nbsp;<\/p>\n\n\n\n<p class=\"wp-block-paragraph\"><a href=\"https:\/\/kutxafundazioa.eus\/sites\/default\/files\/2026-04\/Premios_Literarios_Kutxa_Fundazioa_Poesia_Novela_47_edicion_Bases_es.pdf\" target=\"_blank\" rel=\"noreferrer noopener\">Bases<\/a>&nbsp;<\/p>\n\n\n\n<h3 id=\"h-certamen-literario-internacional-fiestas-de-la-virgen\" class=\"wp-block-heading\">Certamen Literario Internacional Fiestas de la Virgen\u00a0<\/h3>\n\n\n\n<p class=\"wp-block-paragraph\">Categor\u00eda: Verso y prosa.&nbsp;<\/p>\n\n\n\n<p class=\"wp-block-paragraph\">Edici\u00f3n (2026): XLV&nbsp;<\/p>\n\n\n\n<p class=\"wp-block-paragraph\">Convoca: Asociaci\u00f3n de Mayordomos de la Pur\u00edsima Concepci\u00f3n y Ayuntamiento de Yecla (Murcia).&nbsp;<\/p>\n\n\n\n<p class=\"wp-block-paragraph\">Cl\u00e1usulas: las obras versar\u00e1n sobre Yecla, sus fiestas y costumbres. M\u00e1ximo de cinco folios.\u00a0<\/p>\n\n\n\n<p class=\"wp-block-paragraph\">Plazo de presentaci\u00f3n: hasta el 25 de septiembre de 2026.\u00a0<\/p>\n\n\n\n<p class=\"wp-block-paragraph\">Cuant\u00eda premio: 1.000 euros por cada modalidad.&nbsp;<\/p>\n\n\n\n<p class=\"wp-block-paragraph\"><a href=\"https:\/\/fiestasdelavirgenyecla.es\/certamen-literario-fiestas-de-la-virgen\/\" target=\"_blank\" rel=\"noreferrer noopener\">Bases<\/a>&nbsp;<\/p>\n\n\n\n<h3 id=\"h-premios-provincia-de-guadalajara-y-rio-hungria-y-rio-henares\" class=\"wp-block-heading\">Premios Provincia de Guadalajara\u00a0y R\u00edo Hungr\u00eda y R\u00edo Henares<\/h3>\n\n\n\n<p class=\"wp-block-paragraph\">Categor\u00eda: Narrativa, poes\u00eda, dibujo y fotograf\u00eda.&nbsp;<\/p>\n\n\n\n<p class=\"wp-block-paragraph\">Edici\u00f3n (2026): &#8211;&nbsp;<\/p>\n\n\n\n<p class=\"wp-block-paragraph\">Convoca: Diputaci\u00f3n de Guadalajara.&nbsp;<\/p>\n\n\n\n<p class=\"wp-block-paragraph\">Cl\u00e1usulas: Premio Narrativa Camilo Jos\u00e9 Cela, extensi\u00f3n entre 125 y 250 p\u00e1ginas; Premio de Poes\u00eda Jos\u00e9 Antonio Ocha\u00edta, extensi\u00f3n entre 500 y 1.000 versos; Premio de Dibujo Antonio del Rinc\u00f3n, tema libre, obra monocroma; Premio de Fotograf\u00eda Tom\u00e1s Camarillo, tema y tama\u00f1o libres, sobre provincia de Guadalajara.&nbsp;<\/p>\n\n\n\n<p class=\"wp-block-paragraph\">Plazo de presentaci\u00f3n: hasta el 30 de septiembre de 2026.\u00a0<\/p>\n\n\n\n<p class=\"wp-block-paragraph\">Cuant\u00eda premio: 7.000 euros (narrativa), 3.000 euros (poes\u00eda), 3.000 y 1.000 euros (dibujo) y 2.000 y 1.000 euros (fotograf\u00eda).&nbsp;<\/p>\n\n\n\n<p class=\"wp-block-paragraph\"><a href=\"https:\/\/www.dguadalajara.es\/web\/guest\/content-detail\/-\/journal_content\/56_INSTANCE_bE0I\/10128\/2138837\" target=\"_blank\" rel=\"noreferrer noopener\">Bases<\/a>&nbsp;<\/p>\n\n\n\n<h3 id=\"h-premios-tiflos\" class=\"wp-block-heading\">Premios\u00a0Tiflos\u00a0\u00a0<\/h3>\n\n\n\n<p class=\"wp-block-paragraph\">Categor\u00eda: Poes\u00eda, cuento y novela.&nbsp;<\/p>\n\n\n\n<p class=\"wp-block-paragraph\">Edici\u00f3n (2026): 40\u00aa&nbsp;<\/p>\n\n\n\n<p class=\"wp-block-paragraph\">Convoca: ONCE.&nbsp;<\/p>\n\n\n\n<p class=\"wp-block-paragraph\">Cl\u00e1usulas: tema libre. La extensi\u00f3n ser\u00e1 de entre 500 y 1.000 versos en poes\u00eda, entre 25.000 y 40.000 palabras en el g\u00e9nero cuento, y entre 50.000 y 100.000 palabras para las novelas.\u00a0<\/p>\n\n\n\n<p class=\"wp-block-paragraph\">Plazo de presentaci\u00f3n: hasta el 30 de septiembre de 2026.\u00a0<\/p>\n\n\n\n<p class=\"wp-block-paragraph\">Cuant\u00eda premio: 20.000 euros (novela) y 10.000 euros (poes\u00eda y cuento).&nbsp;<\/p>\n\n\n\n<p class=\"wp-block-paragraph\"><a href=\"https:\/\/www.once.es\/servicios-sociales\/cultura-y-ocio\/creacion-literaria\/premios-tiflos\/bases-40-edicion-premios-tiflos\" target=\"_blank\" rel=\"noreferrer noopener\">Bases<\/a>&nbsp;<\/p>\n\n\n\n<h2 id=\"h-pintura-y-otras-artes-plasticas\" class=\"wp-block-heading\">PINTURA Y OTRAS ARTES PL\u00c1STICAS\u00a0<\/h2>\n\n\n\n<h3 id=\"h-certamen-nacional-de-pintura-de-villaviciosa-evaristo-arce-piniella\" class=\"wp-block-heading\">Certamen Nacional de Pintura de Villaviciosa Evaristo Arce Piniella\u00a0\u00a0<\/h3>\n\n\n\n<p class=\"wp-block-paragraph\">Edici\u00f3n (2026): XXIX&nbsp;<\/p>\n\n\n\n<p class=\"wp-block-paragraph\">Convoca: Ayuntamiento de Villaviciosa (Asturias).&nbsp;<\/p>\n\n\n\n<p class=\"wp-block-paragraph\">Cl\u00e1usulas: La t\u00e9cnica y estilo son libres, y el tama\u00f1o no podr\u00e1 exceder 150 cm por cualquier de sus lados, ni ser inferior a 100&#215;70 cm.&nbsp;<\/p>\n\n\n\n<p class=\"wp-block-paragraph\">Plazo de presentaci\u00f3n: Hasta el 25 de septiembre de 2026.&nbsp;<\/p>\n\n\n\n<p class=\"wp-block-paragraph\">Cuant\u00eda premio: 5.000 euros.&nbsp;<\/p>\n\n\n\n<p class=\"wp-block-paragraph\"><a href=\"https:\/\/www.culturavillaviciosa.es\/cultura\/de-interes\/convocado-certamen-nacional-de-pintura_108_20_113_0_1_in.html\" target=\"_blank\" rel=\"noreferrer noopener\">Bases<\/a>&nbsp;<\/p>\n\n\n\n<h3 id=\"h-certamen-internacional-de-acuarela-gabriel-puig-roda\" class=\"wp-block-heading\">Certamen Internacional de Acuarela Gabriel Puig Roda\u00a0\u00a0<\/h3>\n\n\n\n<p class=\"wp-block-paragraph\">Edici\u00f3n (2026): XVIII&nbsp;<\/p>\n\n\n\n<p class=\"wp-block-paragraph\">Convoca: Asociaci\u00f3n Cultural&nbsp;Amics&nbsp;de Vinar\u00f2s (Castell\u00f3n).&nbsp;<\/p>\n\n\n\n<p class=\"wp-block-paragraph\">Cl\u00e1usulas: tema libre. Se admiten acuarelas puras y t\u00e9cnicas mixtas siempre que la acuarela sea predominante. Las obras no ser\u00e1n inferiores a 70&#215;50 cm ni superiores a 105&#215;75 cm.\u00a0\u00a0<\/p>\n\n\n\n<p class=\"wp-block-paragraph\">Plazo de presentaci\u00f3n: hasta el 30 de septiembre de 2026.\u00a0<\/p>\n\n\n\n<p class=\"wp-block-paragraph\">Cuant\u00eda premio: 3.000 euros.&nbsp;<\/p>\n\n\n\n<p class=\"wp-block-paragraph\"><a href=\"https:\/\/www.amicsdevinaros.com\/certamen-d-aquarel-la-puig-roda\/\" target=\"_blank\" rel=\"noreferrer noopener\">Bases<\/a>&nbsp;<\/p>\n\n\n\n<h3 id=\"h-concurso-de-pintura-ernesto-goday\" class=\"wp-block-heading\">Concurso de Pintura Ernesto Goday\u00a0\u00a0<\/h3>\n\n\n\n<p class=\"wp-block-paragraph\">Edici\u00f3n (2026): XIV&nbsp;<\/p>\n\n\n\n<p class=\"wp-block-paragraph\">Convoca: Ayuntamiento de O Grove (Pontevedra).&nbsp;<\/p>\n\n\n\n<p class=\"wp-block-paragraph\">Cl\u00e1usulas: t\u00e9cnica y estilo libres. El tema abarcar\u00e1 el paisaje natural y urbano de O Grove y sus gentes. Dimensiones m\u00ednimas de 60&#215;50 cm y m\u00e1ximas de 150&#215;150 cm.\u00a0<\/p>\n\n\n\n<p class=\"wp-block-paragraph\">Plazo de presentaci\u00f3n: hasta el 30 de septiembre de 2026.\u00a0<\/p>\n\n\n\n<p class=\"wp-block-paragraph\">Cuant\u00eda premio: 3.000 euros.&nbsp;<\/p>\n\n\n\n<p class=\"wp-block-paragraph\"><a href=\"https:\/\/concellodogrove.es\/upload\/userfiles\/suneditor\/files\/456f60BASES_XIV_CONCURSO_DE_PINTURA_ERNESTO_GODAY_C.pdf\" target=\"_blank\" rel=\"noreferrer noopener\">Bases<\/a>&nbsp;<\/p>\n\n\n\n<h2 id=\"h-fotografia\" class=\"wp-block-heading\">FOTOGRAF\u00cdA\u00a0<\/h2>\n\n\n\n<h3 id=\"h-premio-nacional-de-fotografia-fundacion-ricardo-delgado-vizcaino\" class=\"wp-block-heading\">Premio Nacional de Fotograf\u00eda Fundaci\u00f3n Ricardo Delgado Vizca\u00edno\u00a0\u00a0<\/h3>\n\n\n\n<p class=\"wp-block-paragraph\">Categor\u00eda: Fotograf\u00eda.&nbsp;<\/p>\n\n\n\n<p class=\"wp-block-paragraph\">Edici\u00f3n (2026): &#8211;&nbsp;<\/p>\n\n\n\n<p class=\"wp-block-paragraph\">Convoca: Fundaci\u00f3n Ricardo Delgado Vizca\u00edno.&nbsp;<\/p>\n\n\n\n<p class=\"wp-block-paragraph\">Cl\u00e1usulas: las fotograf\u00edas deben representar personas en actividades vinculadas al mundo ganadero en Extremadura, Castilla-La Mancha y Andaluc\u00eda.\u00a0<\/p>\n\n\n\n<p class=\"wp-block-paragraph\">Plazo de presentaci\u00f3n: hasta el 30 de septiembre de 2026.\u00a0<\/p>\n\n\n\n<p class=\"wp-block-paragraph\">Cuant\u00eda premio: 15.000 euros (1\u00ba), 7.000 euros (2\u00ba) y 3.000 euros (3\u00ba).&nbsp;<\/p>\n\n\n\n<p class=\"wp-block-paragraph\"><a href=\"https:\/\/fundacionricardodelgadovizcaino.org\/wp-content\/uploads\/2026\/03\/Bases_Premio_Nacional_de_Fotografia_F_undacion_Ricardo_Delgado_Vizcino-1.pdf\" target=\"_blank\" rel=\"noreferrer noopener\">Bases<\/a>&nbsp;<\/p>\n\n\n\n<h3 id=\"h-concurso-fotografico-nacional-sarthou-carreres\" class=\"wp-block-heading\">Concurso Fotogr\u00e1fico Nacional\u00a0Sarthou\u00a0Carreres\u00a0\u00a0<\/h3>\n\n\n\n<p class=\"wp-block-paragraph\">Categor\u00eda: Fotograf\u00eda.&nbsp;<\/p>\n\n\n\n<p class=\"wp-block-paragraph\">Edici\u00f3n (2026): 45\u00aa&nbsp;<\/p>\n\n\n\n<p class=\"wp-block-paragraph\">Convoca: Agrupaci\u00f3n Fotogr\u00e1fica&nbsp;Sarthou&nbsp;Carreres y Ayuntamiento de Villareal (Castell\u00f3n).&nbsp;<\/p>\n\n\n\n<p class=\"wp-block-paragraph\">Cl\u00e1usulas: m\u00e1ximo dos colecciones compuestas de cuatro obras. Tem\u00e1tica y t\u00e9cnica libres.\u00a0<\/p>\n\n\n\n<p class=\"wp-block-paragraph\">Plazo de presentaci\u00f3n: hasta el 30 de septiembre de 2026.\u00a0<\/p>\n\n\n\n<p class=\"wp-block-paragraph\">Cuant\u00eda premio: 1.500 euros.&nbsp;<\/p>\n\n\n\n<p class=\"wp-block-paragraph\"><a href=\"https:\/\/www.mundoarti.com\/concursos\/CLX3513\/45-concurso-fotogrfico-nacional-sarthou-carreres-2026\/\" target=\"_blank\" rel=\"noreferrer noopener\">Bases<\/a>&nbsp;<\/p>\n\n\n\n<h2 id=\"h-manga-e-ilustracion\" class=\"wp-block-heading\">MANGA E ILUSTRACI\u00d3N\u00a0<\/h2>\n\n\n\n<h3 id=\"h-concurso-manga-2026\" class=\"wp-block-heading\">Concurso Manga 2026\u00a0<\/h3>\n\n\n\n<p class=\"wp-block-paragraph\">Edici\u00f3n (2026): &#8211;&nbsp;<\/p>\n\n\n\n<p class=\"wp-block-paragraph\">Convoca: Norma Editorial.&nbsp;<\/p>\n\n\n\n<p class=\"wp-block-paragraph\">Cl\u00e1usulas: tema, estilo y g\u00e9nero libres. Se presentar\u00e1 un resumen del argumento y las ocho primeras p\u00e1ginas completas (para desarrollar un manga de 176 p\u00e1ginas).\u00a0<\/p>\n\n\n\n<p class=\"wp-block-paragraph\">Plazo de presentaci\u00f3n: hasta el 28 de septiembre de 2026.\u00a0<\/p>\n\n\n\n<p class=\"wp-block-paragraph\">Cuant\u00eda premio: 4.500 euros.&nbsp;<\/p>\n\n\n\n<p class=\"wp-block-paragraph\"><a href=\"https:\/\/www.normaeditorial.com\/noticia\/bases-del-concurso-manga-2026\" target=\"_blank\" rel=\"noreferrer noopener\">Bases<\/a>&nbsp;<\/p>\n\n\n\n<h3 id=\"h-certamen-internacional-de-ilustracion-cardenal-mendoza\" class=\"wp-block-heading\">Certamen Internacional de Ilustraci\u00f3n Cardenal Mendoza\u00a0\u00a0<\/h3>\n\n\n\n<p class=\"wp-block-paragraph\">Edici\u00f3n (2026): II&nbsp;<\/p>\n\n\n\n<p class=\"wp-block-paragraph\">Convoca: Bodegas S\u00e1nchez Romate Hermanos.&nbsp;<\/p>\n\n\n\n<p class=\"wp-block-paragraph\">Cl\u00e1usulas: el concurso invita a ilustrar uno de los microrrelatos premiados en la edici\u00f3n de 2025 del certamen literario asociado. El tama\u00f1o y formato de la pieza debe ser A3 vertical.\u00a0<\/p>\n\n\n\n<p class=\"wp-block-paragraph\">Plazo de presentaci\u00f3n: hasta el 30 de septiembre de 2026.\u00a0<\/p>\n\n\n\n<p class=\"wp-block-paragraph\">Cuant\u00eda premio: 2.000 euros (1\u00ba) y 1.000 euros (2\u00ba).&nbsp;<\/p>\n\n\n\n<p class=\"wp-block-paragraph\"><a href=\"https:\/\/www.cardenalmendoza.com\/es\/golden-week\/illustration-contest\" target=\"_blank\" rel=\"noreferrer noopener\">Bases<\/a>&nbsp;<\/p>\n\n\n\n<h2 id=\"h-arte-digital\" class=\"wp-block-heading\">ARTE DIGITAL\u00a0<\/h2>\n\n\n\n<h3 id=\"h-premio-de-arte-digital-jaume-graells\" class=\"wp-block-heading\">Premio de Arte Digital Jaume Graells\u00a0\u00a0<\/h3>\n\n\n\n<p class=\"wp-block-paragraph\">Edici\u00f3n (2026): XXX&nbsp;<\/p>\n\n\n\n<p class=\"wp-block-paragraph\">Convoca: Ayuntamiento de Igualada (Barcelona) y CEINA.\u00a0<\/p>\n\n\n\n<p class=\"wp-block-paragraph\">Cl\u00e1usulas: los trabajos pueden incluir obras din\u00e1micas, est\u00e1ticas, interactivas y audiovisuales. El tema y las aplicaciones y plataformas digitales utilizadas son libres.\u00a0<\/p>\n\n\n\n<p class=\"wp-block-paragraph\">Plazo de presentaci\u00f3n: hasta el 20 de septiembre de 2026.\u00a0<\/p>\n\n\n\n<p class=\"wp-block-paragraph\">Cuant\u00eda premio: 1.500 euros.&nbsp;<\/p>\n\n\n\n<p class=\"wp-block-paragraph\"><a href=\"https:\/\/www.ceina.com\/es\/sobre-ceina-\/premio-de-art-digital-jaume-graells\/bases-2022-esp.html\" target=\"_blank\" rel=\"noreferrer noopener\">Bases<\/a>&nbsp;<\/p>\n","protected":false},"excerpt":{"rendered":"<p>Septiembre cierra la temporada creativa con 26 concursos para escritores, artistas y creadores de distintas disciplinas.<\/p>\n","protected":false},"author":29,"featured_media":16360,"comment_status":"open","ping_status":"open","sticky":false,"template":"","format":"standard","meta":{"_acf_changed":false,"footnotes":""},"categories":[290],"tags":[231],"class_list":["post-16359","post","type-post","status-publish","format-standard","has-post-thumbnail","category-agenda-de-concursos","tag-concursos"],"acf":[],"_links":{"self":[{"href":"https:\/\/www.safecreative.org\/tips\/es\/wp-json\/wp\/v2\/posts\/16359","targetHints":{"allow":["GET"]}}],"collection":[{"href":"https:\/\/www.safecreative.org\/tips\/es\/wp-json\/wp\/v2\/posts"}],"about":[{"href":"https:\/\/www.safecreative.org\/tips\/es\/wp-json\/wp\/v2\/types\/post"}],"author":[{"embeddable":true,"href":"https:\/\/www.safecreative.org\/tips\/es\/wp-json\/wp\/v2\/users\/29"}],"replies":[{"embeddable":true,"href":"https:\/\/www.safecreative.org\/tips\/es\/wp-json\/wp\/v2\/comments?post=16359"}],"version-history":[{"count":8,"href":"https:\/\/www.safecreative.org\/tips\/es\/wp-json\/wp\/v2\/posts\/16359\/revisions"}],"predecessor-version":[{"id":16403,"href":"https:\/\/www.safecreative.org\/tips\/es\/wp-json\/wp\/v2\/posts\/16359\/revisions\/16403"}],"wp:featuredmedia":[{"embeddable":true,"href":"https:\/\/www.safecreative.org\/tips\/es\/wp-json\/wp\/v2\/media\/16360"}],"wp:attachment":[{"href":"https:\/\/www.safecreative.org\/tips\/es\/wp-json\/wp\/v2\/media?parent=16359"}],"wp:term":[{"taxonomy":"category","embeddable":true,"href":"https:\/\/www.safecreative.org\/tips\/es\/wp-json\/wp\/v2\/categories?post=16359"},{"taxonomy":"post_tag","embeddable":true,"href":"https:\/\/www.safecreative.org\/tips\/es\/wp-json\/wp\/v2\/tags?post=16359"}],"curies":[{"name":"wp","href":"https:\/\/api.w.org\/{rel}","templated":true}]}}