{"id":15261,"date":"2026-04-28T15:00:00","date_gmt":"2026-04-28T13:00:00","guid":{"rendered":"https:\/\/www.safecreative.org\/tips\/es\/?p=15261"},"modified":"2026-04-28T08:53:25","modified_gmt":"2026-04-28T06:53:25","slug":"los-34-concursos-a-los-que-puedes-presentarte-en-mayo","status":"publish","type":"post","link":"https:\/\/www.safecreative.org\/tips\/es\/los-34-concursos-a-los-que-puedes-presentarte-en-mayo\/","title":{"rendered":"Los 34 concursos a los que puedes presentarte en mayo\u00a0"},"content":{"rendered":"\n<p>Este mes de mayo finaliza el plazo de presentaci\u00f3n de decenas de cert\u00e1menes literarios y art\u00edsticos, que tienen esta vez en&nbsp;<strong>el relato y la pintura las&nbsp;modalidades con m\u00e1s oportunidades.&nbsp;<\/strong>Un mes para que escritores, fot\u00f3grafos, pintores y dem\u00e1s artistas demuestren su talento enviando sus obras a los m\u00faltiples concursos que se organizan por toda la geograf\u00eda espa\u00f1ola. Entre los cert\u00e1menes con una mayor bolsa econ\u00f3mica destacan en esta ocasi\u00f3n el Eurostars&nbsp;Hotels&nbsp;de Narrativa de Viajes<strong>&nbsp;<\/strong>(35.000 euros), el Concurso Internacional de Pintura Villa Fuente del \u00c1lamo (10.000 euros), o el Premio Antoni Vila Casas de Fotograf\u00eda (12.000 euros). A continuaci\u00f3n, os damos&nbsp;todas las claves de los 34 concursos cuyo plazo de presentaci\u00f3n concluye en mayo de 2026.&nbsp;<\/p>\n\n\n\n<h2 class=\"wp-block-heading\" id=\"h-poesia\">POES\u00cdA\u00a0<\/h2>\n\n\n\n<h3 class=\"wp-block-heading\" id=\"h-premio-internacional-de-poesia-antonio-machado-en-baeza\">Premio Internacional de Poes\u00eda Antonio Machado en Baeza\u00a0<\/h3>\n\n\n\n<p>Edici\u00f3n (2026): XXX&nbsp;<\/p>\n\n\n\n<p>Convoca: Ayuntamiento de Baeza (Ja\u00e9n).&nbsp;<\/p>\n\n\n\n<p>Cl\u00e1usulas: tema y estilo libres, dimensiones preferentes entre 600 y 800 versos.\u00a0<\/p>\n\n\n\n<p>Plazo de presentaci\u00f3n: hasta el 1 de mayo de 2026.\u00a0<\/p>\n\n\n\n<p>Cuant\u00eda premio: 6.000 euros.&nbsp;<\/p>\n\n\n\n<p><a href=\"https:\/\/drive.google.com\/file\/d\/1K2XI4nhF932MKK6Gf8N7VuyP3XZCcQXa\/view\" target=\"_blank\" rel=\"noreferrer noopener\">Bases<\/a>&nbsp;<\/p>\n\n\n\n<h3 class=\"wp-block-heading\" id=\"h-premio-de-poesia-joven-rne-fundacion-montemadrid\">Premio de Poes\u00eda Joven RNE-Fundaci\u00f3n\u00a0Montemadrid\u00a0<\/h3>\n\n\n\n<p>Edici\u00f3n (2026):&nbsp; XVIII&nbsp;<\/p>\n\n\n\n<p>Convoca: RTVE, con la colaboraci\u00f3n de la Fundaci\u00f3n Obra Social y Monte de Piedad de Madrid.&nbsp;&nbsp;&nbsp;<\/p>\n\n\n\n<p>Cl\u00e1usulas: dirigido a\u00a0autores y autoras\u00a0de hasta 35 a\u00f1os. Tema libre, m\u00ednimo de 500\u00a0versos.\u00a0<\/p>\n\n\n\n<p>Plazo de presentaci\u00f3n: hasta el 4 de mayo de 2026.\u00a0\u00a0\u00a0<\/p>\n\n\n\n<p>Cuant\u00eda premio: 5.000 euros.&nbsp;<\/p>\n\n\n\n<p><a href=\"https:\/\/cdn.fundacionmontemadrid.es\/storage\/pdfs\/calls\/bases-concurso-poesia-joven-rne-fmm-xviii-edicion-2026pdf-1774273165.pdf\" target=\"_blank\" rel=\"noreferrer noopener\">Bases<\/a>&nbsp;<\/p>\n\n\n\n<h3 class=\"wp-block-heading\" id=\"h-premios-internacional-de-poesia-antonio-gala\">Premios Internacional de Poes\u00eda Antonio Gala\u00a0\u00a0\u00a0<\/h3>\n\n\n\n<p>Edici\u00f3n (2026): XX&nbsp;<\/p>\n\n\n\n<p>Convoca: Ayuntamiento de Alhaur\u00edn el Grande (M\u00e1laga).&nbsp;<\/p>\n\n\n\n<p>Cl\u00e1usulas: Para autores entre 18 y 35 a\u00f1os. M\u00ednimo de 500 versos.&nbsp;<\/p>\n\n\n\n<p>Plazo de presentaci\u00f3n: Hasta el 22 de mayo de 2026.&nbsp;<\/p>\n\n\n\n<p>Cuant\u00eda premio: 6.000 euros.&nbsp;<\/p>\n\n\n\n<p><a href=\"https:\/\/alhauringr.com\/wp-content\/uploads\/2026\/03\/Bases-certamen-poesia-2026.pdf\" target=\"_blank\" rel=\"noreferrer noopener\">Bases<\/a>&nbsp;<\/p>\n\n\n\n<h3 class=\"wp-block-heading\" id=\"h-premios-deza-de-poesia\">Premios Deza de Poes\u00eda\u00a0\u00a0\u00a0<\/h3>\n\n\n\n<p>Edici\u00f3n (2026): XV&nbsp;<\/p>\n\n\n\n<p>Convoca: Ayuntamiento de Castillo de&nbsp;Bayuela&nbsp;(Toledo).&nbsp;<\/p>\n\n\n\n<p>Cl\u00e1usulas: entre 5 y 70 versos. Dos categor\u00edas: internacional (abierto a todos los autores) y local (para domiciliados en la Sierra de San Vicente)\u00a0<\/p>\n\n\n\n<p>Plazo de presentaci\u00f3n: hasta el 24 de mayo de 2026.\u00a0<\/p>\n\n\n\n<p>Cuant\u00eda premio: 1.000 euros.&nbsp;<\/p>\n\n\n\n<p><a href=\"https:\/\/www.bandomovil.com\/castillodebayuela\/1513573\/0\" target=\"_blank\" rel=\"noreferrer noopener\">Bases<\/a>&nbsp;<\/p>\n\n\n\n<h3 class=\"wp-block-heading\" id=\"h-premio-casa-de-america-de-poesia-americana\">Premio Casa de Am\u00e9rica de Poes\u00eda Americana\u00a0\u00a0\u00a0<\/h3>\n\n\n\n<p>Edici\u00f3n (2026): XXVI&nbsp;<\/p>\n\n\n\n<p>Convoca: Casa de Am\u00e9rica.&nbsp;<\/p>\n\n\n\n<p>Cl\u00e1usulas:\u00a0autores nacionales de cualquiera de los pa\u00edses de Am\u00e9rica, con obras escritas en espa\u00f1ol. M\u00ednimo de 300 versos.\u00a0<\/p>\n\n\n\n<p>Plazo de presentaci\u00f3n: hasta el 29 de mayo de 2026.\u00a0<\/p>\n\n\n\n<p>Cuant\u00eda premio: 5.000 euros.&nbsp;<\/p>\n\n\n\n<p><a href=\"https:\/\/www.casamerica.es\/literatura\/convocatoria-del-xxvi-premio-casa-de-america-de-poesia-americana\" target=\"_blank\" rel=\"noreferrer noopener\">Bases<\/a>&nbsp;<\/p>\n\n\n\n<h3 class=\"wp-block-heading\" id=\"h-premio-de-poesia-blas-de-otero-angela-figuera\">Premio de Poes\u00eda Blas de Otero \u2013 \u00c1ngela Figuera\u00a0\u00a0\u00a0<\/h3>\n\n\n\n<p>Edici\u00f3n (2026): XIX<\/p>\n\n\n\n<p>Convoca: Ayuntamiento de Bilbao.&nbsp;<\/p>\n\n\n\n<p>Cl\u00e1usulas: las obras tendr\u00e1n una extensi\u00f3n m\u00ednima de 500 versos y m\u00e1xima de 850.\u00a0<\/p>\n\n\n\n<p>Plazo de presentaci\u00f3n: hasta el 30 de mayo de 2026.\u00a0<\/p>\n\n\n\n<p>Cuant\u00eda premio: 5.500 euros.&nbsp;<\/p>\n\n\n\n<p><a href=\"https:\/\/www.bilbao.eus\/cs\/Satellite?c=BIO_Evento_FA&amp;cid=1279247090828&amp;language=es&amp;pageid=3000094681&amp;pagename=Bilbaonet\/BIO_Evento_FA\/BIO_Evento\" target=\"_blank\" rel=\"noreferrer noopener\">Bases<\/a>&nbsp;<\/p>\n\n\n\n<h2 class=\"wp-block-heading\" id=\"h-relato-y-otras-narrativas\">RELATO Y OTRAS NARRATIVAS\u00a0<\/h2>\n\n\n\n<h3 class=\"wp-block-heading\" id=\"h-premio-de-relatos-cortos-antonio-reyes-huertas\">Premio de Relatos Cortos Antonio Reyes Huertas\u00a0<\/h3>\n\n\n\n<p>Edici\u00f3n (2026): XIII&nbsp;<\/p>\n\n\n\n<p>Convoca: Ayuntamiento de Campanario (Badajoz).&nbsp;<\/p>\n\n\n\n<p>Cl\u00e1usulas: tema libre, con una extensi\u00f3n m\u00ednima de cuatro folios y m\u00e1xima de ocho.\u00a0<\/p>\n\n\n\n<p>Plazo de presentaci\u00f3n: hasta el 4 de mayo de 2026.\u00a0\u00a0\u00a0<\/p>\n\n\n\n<p>Cuant\u00eda premios: 1.100 euros (1\u00ba), 500 euros (2\u00ba) y 300 euros (3\u00ba).&nbsp;<\/p>\n\n\n\n<p><a href=\"https:\/\/web.campanario.es\/wp-content\/uploads\/2025\/11\/REYESS_compressed.pdf\" target=\"_blank\" rel=\"noreferrer noopener\">Bases<\/a>&nbsp;<\/p>\n\n\n\n<h3 class=\"wp-block-heading\" id=\"h-concurso-de-relatos-ficcion-y-ciencia-de-la-universidad-de-malaga\">Concurso de Relatos Ficci\u00f3n y Ciencia de la Universidad de M\u00e1laga\u00a0\u00a0\u00a0<\/h3>\n\n\n\n<p>Edici\u00f3n (2026): XII&nbsp;<\/p>\n\n\n\n<p>Convoca: Universidad de M\u00e1laga.&nbsp;<\/p>\n\n\n\n<p>Cl\u00e1usulas: temas ciencia ficci\u00f3n, fantas\u00eda o terror y argumento relacionado con las l\u00edneas de investigaci\u00f3n y patentes desarrolladas en la Universidad de M\u00e1laga o contextualizar la trama en esta. Entre 20.000 y 30.000 caracteres.\u00a0<\/p>\n\n\n\n<p>Plazo de presentaci\u00f3n: hasta el 14 de mayo de 2026.\u00a0<\/p>\n\n\n\n<p>Cuant\u00eda premio: 1.000 euros.&nbsp;<\/p>\n\n\n\n<p><a href=\"https:\/\/www.umadivulga.uma.es\/wp-content\/uploads\/2026\/02\/Bases-concurso-ficcion-y-ciencia-2026.pdf\" target=\"_blank\" rel=\"noreferrer noopener\">Bases<\/a>&nbsp;<\/p>\n\n\n\n<h3 class=\"wp-block-heading\" id=\"h-premio-eurostars-hotels-de-narrativa-de-viajes\">Premio Eurostars\u00a0Hotels\u00a0de Narrativa de Viajes\u00a0<\/h3>\n\n\n\n<p>Edici\u00f3n (2025): XXI\u00a0<\/p>\n\n\n\n<p>Convoca: Grupo&nbsp;Hotusa.&nbsp;<\/p>\n\n\n\n<p>Cl\u00e1usulas: relatos de viajes por Espa\u00f1a o el resto del mundo. M\u00ednimo de 200.000 caracteres y m\u00e1ximo de 350.000, sin\u00a0exceder las 150 p\u00e1ginas.\u00a0<\/p>\n\n\n\n<p>Plazo de presentaci\u00f3n: hasta el 16 de mayo de 2026.\u00a0<\/p>\n\n\n\n<p>Cuant\u00eda premio: 35.000 euros.&nbsp;<\/p>\n\n\n\n<p><a href=\"https:\/\/www.premioeurostarsnarrativa.com\/templates\/cadenas\/premionarrativa\/pdfs\/Bases%20XXI%20Premio%20Eurostars%20Hotels%20de%20Narrativa%20de%20Viajes.pdf\" target=\"_blank\" rel=\"noreferrer noopener\">Bases<\/a>&nbsp;<\/p>\n\n\n\n<h3 class=\"wp-block-heading\" id=\"h-premio-aguilas-de-relato-breve\">Premio \u00c1guilas de Relato Breve\u00a0<\/h3>\n\n\n\n<p>Edici\u00f3n (2026): X&nbsp;<\/p>\n\n\n\n<p>Convoca: Ayuntamiento de \u00c1guilas (Murcia).&nbsp;<\/p>\n\n\n\n<p>Cl\u00e1usulas: tema libre, deber\u00e1 hacer menci\u00f3n\u00a0al\u00a0actor Paco Rabal, cuyo centenario se cumple este a\u00f1o. Extensi\u00f3n de entre 10 y 25 p\u00e1ginas.\u00a0<\/p>\n\n\n\n<p>Plazo de presentaci\u00f3n: hasta el 17 de mayo de 2026.\u00a0<\/p>\n\n\n\n<p>Cuant\u00eda premio: 3.000 euros.&nbsp;<\/p>\n\n\n\n<p><a href=\"https:\/\/mundoarti.com\/concursos\/CNV7748\/x-premio-guilas-de-relato-breve-2026\/\" target=\"_blank\" rel=\"noreferrer noopener\">Bases<\/a>&nbsp;<\/p>\n\n\n\n<h3 class=\"wp-block-heading\" id=\"h-concurso-de-relato-corto-miguel-delibes\">Concurso de Relato Corto Miguel Delibes\u00a0\u00a0\u00a0<\/h3>\n\n\n\n<p>Edici\u00f3n (2026): XII&nbsp;<\/p>\n\n\n\n<p>Convoca: Ayuntamiento de Molledo (Cantabria).&nbsp;<\/p>\n\n\n\n<p>Cl\u00e1usulas: g\u00e9nero narrativo realista\/costumbrista. Entre 7 y 10 folios.\u00a0<\/p>\n\n\n\n<p>Plazo de presentaci\u00f3n: hasta el 22 de mayo de 2026.\u00a0<\/p>\n\n\n\n<p>Cuant\u00eda premios: 500 euros (1\u00ba), 300 euros (2\u00ba) y 200 euros (3\u00ba).&nbsp;<\/p>\n\n\n\n<p><a href=\"https:\/\/www.facebook.com\/AyuntamientodeMolledo\/posts\/pfbid0KomoLGwxgMWztvAsQFKKQeUF28394MiSekhAkVBCXy6CFfNtMgdogEcyBoWwp4cnl\" target=\"_blank\" rel=\"noreferrer noopener\">Bases<\/a>&nbsp;<\/p>\n\n\n\n<h3 class=\"wp-block-heading\" id=\"h-certamen-de-relatos-breves-san-juan-de-dios\">Certamen de Relatos Breves San Juan de Dios\u00a0\u00a0\u00a0<\/h3>\n\n\n\n<p>Edici\u00f3n (2026): XXVII&nbsp;<\/p>\n\n\n\n<p>Convoca: Universidad Pontificia de Comillas.&nbsp;<\/p>\n\n\n\n<p>Cl\u00e1usulas: para profesionales y estudiantes de enfermer\u00eda y fisioterapia. Relatos de entre 5 y 10 p\u00e1ginas centrados en los aspectos humanos de la atenci\u00f3n sanitaria.\u00a0<\/p>\n\n\n\n<p>Plazo de\u00a0presentaci\u00f3n: hasta el 29 de mayo de 2026.\u00a0<\/p>\n\n\n\n<p>Cuant\u00eda premio: 2.100 euros (Premio San Juan de Dios), 750 euros (Hospital San Rafael) y 350 euros (Premio Especial Estudiantes).&nbsp;<\/p>\n\n\n\n<p><a href=\"https:\/\/www.comillas.edu\/noticias\/convocado-el-xxvii-certamen-de-relatos-breves-san-juan-de-dios-3200-euros-en-premios-para-las-mejores-historias-sobre-enfermeria-y-fisioterapia\/\" target=\"_blank\" rel=\"noreferrer noopener\">Bases<\/a>&nbsp;<\/p>\n\n\n\n<h3 class=\"wp-block-heading\" id=\"h-concurso-de-relatos-rafael-mir-del-ateneo-de-cordoba\">Concurso de Relatos \u00abRafael Mir\u00bb del Ateneo de C\u00f3rdoba\u00a0\u00a0\u00a0<\/h3>\n\n\n\n<p>Edici\u00f3n (2026): XIV&nbsp;<\/p>\n\n\n\n<p>Convoca: Ateneo de C\u00f3rdoba.&nbsp;<\/p>\n\n\n\n<p>Cl\u00e1usulas: tema libre. M\u00e1ximo ocho folios.\u00a0<\/p>\n\n\n\n<p>Plazo de presentaci\u00f3n: hasta el 30 de mayo de 2026.\u00a0<\/p>\n\n\n\n<p>Cuant\u00eda premio: 600 euros.&nbsp;<\/p>\n\n\n\n<p><a href=\"https:\/\/www.finalescerrados.com\/p\/cl-xiv-premio-de-relatos-rafael-mir-2026.html\" target=\"_blank\" rel=\"noreferrer noopener\">Bases<\/a>&nbsp;<\/p>\n\n\n\n<h3 class=\"wp-block-heading\" id=\"h-certamen-latidos-del-barrio\">Certamen Latidos del Barrio\u00a0\u00a0\u00a0<\/h3>\n\n\n\n<p>Edici\u00f3n (2026): I&nbsp;<\/p>\n\n\n\n<p>Convoca: Federaci\u00f3n de Asociaciones Vecinales de Jerez \u201cSolidaridad\u201d.&nbsp;<\/p>\n\n\n\n<p>Cl\u00e1usulas: lema \u00abVecindad, Barrio y Comunidad\u00bb. M\u00e1ximo de mil palabras.\u00a0\u00a0\u00a0<\/p>\n\n\n\n<p>Plazo de presentaci\u00f3n: hasta el 31 de mayo de 2026.\u00a0<\/p>\n\n\n\n<p>Cuant\u00eda premio: 500 euros (ganador) y 300 euros (acc\u00e9sit).&nbsp;<\/p>\n\n\n\n<p><a href=\"https:\/\/www.diariodejerez.es\/jerez\/nace-i-certamen-literario-latidos-barrio-jerez_0_2006055952.html#goog_rewarded\" target=\"_blank\" rel=\"noreferrer noopener\">Bases<\/a>&nbsp;<\/p>\n\n\n\n<h3 class=\"wp-block-heading\" id=\"h-certamen-literario-de-relatos-cortos-villa-del-esgrafiado\">Certamen Literario de Relatos Cortos Villa del Esgrafiado\u00a0\u00a0\u00a0<\/h3>\n\n\n\n<p>Edici\u00f3n (2026): XIII&nbsp;<\/p>\n\n\n\n<p>Convoca: Ayuntamiento de Valdefuentes (C\u00e1ceres).&nbsp;<\/p>\n\n\n\n<p>Cl\u00e1usulas: tema libre. Extensi\u00f3n m\u00ednima de siete folios y m\u00e1xima de 14.\u00a0<\/p>\n\n\n\n<p>Plazo de presentaci\u00f3n: hasta el 31 de mayo de 2026.\u00a0<\/p>\n\n\n\n<p>Cuant\u00eda premio: 1.250&nbsp;euros.&nbsp;<\/p>\n\n\n\n<p><a href=\"https:\/\/www.valdefuentes.es\/documents\/1740015\/1740055\/Bases+XIII+Certamen+Literario+de+Relatos+Cortos+Villa+del+Esgrafiado.pdf\" target=\"_blank\" rel=\"noreferrer noopener\">Bases<\/a>&nbsp;<\/p>\n\n\n\n<h2 class=\"wp-block-heading\" id=\"h-varias-categorias\">VARIAS CATEGOR\u00cdAS\u00a0<\/h2>\n\n\n\n<h3 class=\"wp-block-heading\" id=\"h-premios-de-literatura-breve-vila-de-mislata\">Premios de Literatura Breve \u00abVila de\u00a0Mislata\u00bb\u00a0\u00a0\u00a0<\/h3>\n\n\n\n<p>Categor\u00eda: Poes\u00eda y relato.&nbsp;<\/p>\n\n\n\n<p>Edici\u00f3n (2026): XXIV&nbsp;<\/p>\n\n\n\n<p>Convoca: Ayuntamiento de Mislata (Valencia).&nbsp;<\/p>\n\n\n\n<p>Cl\u00e1usulas: tema libre. Los relatos tendr\u00e1n una extensi\u00f3n de entre 6 y 12 p\u00e1ginas, y las obras po\u00e9ticas, de entre 75 y 125 versos.\u00a0<\/p>\n\n\n\n<p>Plazo de presentaci\u00f3n: hasta el 25 de mayo de 2026.\u00a0<\/p>\n\n\n\n<p>Cuant\u00eda premio: 800 euros.&nbsp;<\/p>\n\n\n\n<p><a href=\"https:\/\/www.mislata.es\/es\/administracion\/subvenciones\/convocatorias-de-subvenciones-en-tramitacion\/xxiv-premios-de-literatura-breve-vila-de-mislata-2026\" target=\"_blank\" rel=\"noreferrer noopener\">Bases<\/a>&nbsp;<\/p>\n\n\n\n<h3 class=\"wp-block-heading\" id=\"h-certamen-nacional-de-las-letras-isabel-aguera-ciudad-de-villa-del-rio\">Certamen Nacional de las Letras \u00abIsabel Ag\u00fcera\u00bb Ciudad de Villa del R\u00edo\u00a0<\/h3>\n\n\n\n<p>Categor\u00eda: Poes\u00eda, teatro y narrativa corta.&nbsp;<\/p>\n\n\n\n<p>Edici\u00f3n (2026): XXXI (narrativa), XI (poes\u00eda y teatro).&nbsp;<\/p>\n\n\n\n<p>Convoca: Ayuntamiento de Villa del R\u00edo (C\u00f3rdoba).&nbsp;<\/p>\n\n\n\n<p>Cl\u00e1usulas: tres categor\u00edas: relato (entre 5 y 10 p\u00e1ginas); poes\u00eda (entre 200 y 400 versos) y teatro (entre 15 y 25 p\u00e1ginas).\u00a0<\/p>\n\n\n\n<p>Plazo de presentaci\u00f3n: hasta el 29 de mayo de 2026.\u00a0<\/p>\n\n\n\n<p>Cuant\u00eda premio: 1.000 euros (en cada categor\u00eda).&nbsp;<\/p>\n\n\n\n<p><a href=\"https:\/\/villadelrio.es\/wp-content\/uploads\/2026\/02\/fff3c7df-9c30-4479-a2e0-fe41dd82cb85.pdf\" target=\"_blank\" rel=\"noreferrer noopener\">Bases<\/a>&nbsp;<\/p>\n\n\n\n<h3 class=\"wp-block-heading\" id=\"h-the-guide-artists-global-award-miami-2026\">The\u00a0Guide\u00a0Artists\u00a0Global\u00a0Award Miami 2026\u00a0\u00a0\u00a0<\/h3>\n\n\n\n<p>Categor\u00eda: Pintura y escultura.&nbsp;<\/p>\n\n\n\n<p>Edici\u00f3n (2026): 10\u00aa&nbsp;<\/p>\n\n\n\n<p>Convoca:&nbsp;The&nbsp;Guide&nbsp;Artists.&nbsp;<\/p>\n\n\n\n<p>Cl\u00e1usulas: arte figurativo\u00a0contempor\u00e1neo. Cuatro modalidades, con subdivisiones espec\u00edficas en pintura y escultura. Medidas pintura: m\u00ednimo 40 x 30 cm, y m\u00e1ximo 200 x 200 cm. Escultura: altura m\u00e1xima 200 cm, y peso m\u00e1ximo 80 kg.\u00a0<\/p>\n\n\n\n<p>Plazo de presentaci\u00f3n: hasta el 30 de mayo de\u00a02026.\u00a0\u00a0\u00a0<\/p>\n\n\n\n<p>Cuant\u00eda premios: dos premios de 10.000 euros (categor\u00edas pintura y escultura) y dos de 6.000 euros (artistas emergentes en cada categor\u00eda).\u00a0<\/p>\n\n\n\n<p><a href=\"https:\/\/static.arteinformado.com\/resources\/app\/docs\/evento\/84\/240184\/bases_global_awards_miami_the_guide_artists.pdf\" target=\"_blank\" rel=\"noreferrer noopener\">Bases<\/a>&nbsp;<\/p>\n\n\n\n<h2 class=\"wp-block-heading\" id=\"h-comic\">C\u00d3MIC\u00a0<\/h2>\n\n\n\n<h3 class=\"wp-block-heading\" id=\"h-concurso-de-comic-universo-goya\">Concurso de C\u00f3mic Universo Goya\u00a0\u00a0\u00a0<\/h3>\n\n\n\n<p>Edici\u00f3n (2026): VI&nbsp;<\/p>\n\n\n\n<p>Convoca: Fundaci\u00f3n Ibercaja.&nbsp;<\/p>\n\n\n\n<p>Cl\u00e1usulas: dirigido a j\u00f3venes hasta 30 a\u00f1os. Tema libre cuyo eje central ser\u00e1 la figura de Goya. Entre dos y cuatro p\u00e1ginas.\u00a0<\/p>\n\n\n\n<p>Plazo de presentaci\u00f3n: hasta el 14 de mayo de 2026.\u00a0<\/p>\n\n\n\n<p>Cuant\u00eda premio: 2.500 euros.&nbsp;<\/p>\n\n\n\n<p><a href=\"https:\/\/www.fundacionibercaja.es\/resources\/activities\/documents\/1770362295-1770362293775.pdf\" target=\"_blank\" rel=\"noreferrer noopener\">Bases<\/a>&nbsp;<\/p>\n\n\n\n<h2 class=\"wp-block-heading\" id=\"h-fotografia\">FOTOGRAF\u00cdA\u00a0<\/h2>\n\n\n\n<h3 class=\"wp-block-heading\" id=\"h-concurso-fotografico-objetivo-africa\">Concurso Fotogr\u00e1fico Objetivo \u00c1frica.\u00a0\u00a0\u00a0<\/h3>\n\n\n\n<p>Edici\u00f3n (2026): XVI&nbsp;<\/p>\n\n\n\n<p>Convoca: Casa \u00c1frica.&nbsp;<\/p>\n\n\n\n<p>Cl\u00e1usulas: tema: \u00c1frica en presente: fotoperiodismo y mirada cr\u00edtica. M\u00e1ximo 5 fotograf\u00edas.\u00a0<\/p>\n\n\n\n<p>Plazo de presentaci\u00f3n: hasta el 2 de mayo de 2026.\u00a0<\/p>\n\n\n\n<p>Cuant\u00eda&nbsp;premio: 1.000 euros (1\u00ba), 500 euros (2\u00ba) y 300 euros (3\u00ba).&nbsp;<\/p>\n\n\n\n<p><a href=\"https:\/\/www.injuve.es\/de\/convocatorias\/premios\/concurso-fotografico-objetivo-africa-2026\" target=\"_blank\" rel=\"noreferrer noopener\">Bases<\/a>&nbsp;<\/p>\n\n\n\n<h3 class=\"wp-block-heading\" id=\"h-premio-internacional-de-fotografia-jalon-angel\">Premio Internacional de Fotograf\u00eda Jal\u00f3n \u00c1ngel\u00a0<\/h3>\n\n\n\n<p>Edici\u00f3n (2026): XII&nbsp;<\/p>\n\n\n\n<p>Convoca: Archivo Fotogr\u00e1fico Jal\u00f3n \u00c1ngel.&nbsp;<\/p>\n\n\n\n<p>Cl\u00e1usulas: tres categor\u00edas: Retrato, Viajes y Migraci\u00f3n y Fronteras.\u00a0<\/p>\n\n\n\n<p>Plazo de presentaci\u00f3n: hasta el 4 de mayo de 2026.\u00a0<\/p>\n\n\n\n<p>Cuant\u00eda premio: tres premios de 1.500 euros (uno por cada\u00a0categor\u00eda).\u00a0<\/p>\n\n\n\n<p><a href=\"https:\/\/jalonangel.com\/index.php\/premio\" target=\"_blank\" rel=\"noreferrer noopener\">Bases<\/a>&nbsp;<\/p>\n\n\n\n<h3 class=\"wp-block-heading\" id=\"h-premio-internacional-de-fotografia-santiago-castelo\">Premio Internacional de Fotograf\u00eda\u00a0Santiago\u00a0Castelo\u00a0<\/h3>\n\n\n\n<p>Edici\u00f3n (2026): X&nbsp;<\/p>\n\n\n\n<p>Convoca: Centro Unesco de Extremadura (Cuex)&nbsp;<\/p>\n\n\n\n<p>Cl\u00e1usulas: tema libre, se valorar\u00e1 que ofrezcan visiones de la riqueza cultural y paisaj\u00edstica de los territorios que comprenden la eurorregi\u00f3n EUROACE.\u00a0<\/p>\n\n\n\n<p>Plazo de presentaci\u00f3n: hasta el 18 de mayo de 2026.\u00a0\u00a0\u00a0<\/p>\n\n\n\n<p>Cuant\u00eda premio: 4.000 euros (1\u00ba) y 600 euros (Menci\u00f3n de Honor).&nbsp;<\/p>\n\n\n\n<p><a href=\"https:\/\/eurodesk2025.injuve.es\/sites\/default\/files\/2026-04\/bases%20Premio.pdf\" target=\"_blank\" rel=\"noreferrer noopener\">Bases<\/a>&nbsp;<\/p>\n\n\n\n<h3 class=\"wp-block-heading\" id=\"h-premio-antoni-vila-casas-de-fotografia\">Premio Antoni Vila Casas de Fotograf\u00eda\u00a0\u00a0\u00a0<\/h3>\n\n\n\n<p>Edici\u00f3n (2026): &#8211;&nbsp;<\/p>\n\n\n\n<p>Convoca: Fundaci\u00f3n Vila Casas.&nbsp;<\/p>\n\n\n\n<p>Cl\u00e1usulas: dirigido a residentes fiscales en Catalu\u00f1a. Tema libre.\u00a0<\/p>\n\n\n\n<p>Plazo de presentaci\u00f3n: hasta el 31 de mayo de 2026.\u00a0\u00a0\u00a0<\/p>\n\n\n\n<p>Cuant\u00eda premio: 12.000 euros.&nbsp;<\/p>\n\n\n\n<p><a href=\"https:\/\/www.fundaciovilacasas.com\/es\/bases-premio\" target=\"_blank\" rel=\"noreferrer noopener\">Bases<\/a>&nbsp;<\/p>\n\n\n\n<h2 class=\"wp-block-heading\" id=\"h-pintura\">PINTURA\u00a0<\/h2>\n\n\n\n<h3 class=\"wp-block-heading\" id=\"h-concurso-internacional-de-pintura-homenaje-a-rafael-zabaleta\">Concurso\u00a0Internacional de Pintura Homenaje a Rafael Zabaleta\u00a0\u00a0\u00a0<\/h3>\n\n\n\n<p>Edici\u00f3n (2026): LVI&nbsp;<\/p>\n\n\n\n<p>Convoca: Ayuntamiento de Quesada (Ja\u00e9n).&nbsp;<\/p>\n\n\n\n<p>Cl\u00e1usulas: dos premios: Rafael Zabaleta y Rafael Hidalgo de Caviedes. Tema y t\u00e9cnica libres. Las medidas no ser\u00e1n inferiores a 100 x 100 cm ni superiores a 200 x 200 cm.\u00a0<\/p>\n\n\n\n<p>Plazo de presentaci\u00f3n: hasta el 3 de mayo de 2026.\u00a0<\/p>\n\n\n\n<p>Cuant\u00eda premio: 7.000 euros (Rafael Zabaleta) y 4.000 euros (Rafael Hidalgo de Caviedes).&nbsp;<\/p>\n\n\n\n<p><a href=\"https:\/\/museozabaleta.blogspot.com\/2026\/03\/bases-del-lvi-concurso-internacional-de.html\" target=\"_blank\" rel=\"noreferrer noopener\">Bases<\/a>&nbsp;<\/p>\n\n\n\n<h3 class=\"wp-block-heading\" id=\"h-premio-renart-2026\">Premio Renart 2026\u00a0<\/h3>\n\n\n\n<p>Edici\u00f3n (2026): IV&nbsp;<\/p>\n\n\n\n<p>Convoca: Asociaci\u00f3n Antiguo Gremio de Revendedores, 1447.&nbsp;<\/p>\n\n\n\n<p>Cl\u00e1usulas: t\u00e9cnica libre. Tema: \u00abLa gente de Barcelona\u00bb. Las medidas podr\u00e1n ser de 55 x 38 cm y de 55 x 46 cm.\u00a0<\/p>\n\n\n\n<p>Plazo de presentaci\u00f3n: hasta el 11 de mayo de 2026.\u00a0\u00a0\u00a0<\/p>\n\n\n\n<p>Cuant\u00eda premio: 3.000 euros (1\u00ba), 1.500 euros (2\u00ba) y 1.000 euros (3\u00ba).&nbsp;<\/p>\n\n\n\n<p><a href=\"https:\/\/revenedors.cat\/wp-content\/uploads\/2026\/01\/B.-Premi-Renart-2026.pdf\" target=\"_blank\" rel=\"noreferrer noopener\">Bases<\/a>&nbsp;<\/p>\n\n\n\n<h3 class=\"wp-block-heading\" id=\"h-premio-nacional-de-pintura-fundacion-mainel\">Premio Nacional de Pintura Fundaci\u00f3n Mainel\u00a0<\/h3>\n\n\n\n<p>Edici\u00f3n (2026): 29\u00aa&nbsp;<\/p>\n\n\n\n<p>Convoca: Fundaci\u00f3n Mainel.&nbsp;<\/p>\n\n\n\n<p>Cl\u00e1usulas: para artistas menores de 35 a\u00f1os. Dimensiones no superiores a 150 x 150 cm.\u00a0<\/p>\n\n\n\n<p>Plazo de presentaci\u00f3n: hasta el 15 de mayo de 2026.\u00a0<\/p>\n\n\n\n<p>Cuant\u00eda premio: 5.000 euros (1\u00ba) y 3.000 euros (2\u00ba).&nbsp;<\/p>\n\n\n\n<p><a href=\"https:\/\/mainel.org\/wp-content\/uploads\/Bases-29-Premio-Pintura-Mainel.pdf\" target=\"_blank\" rel=\"noreferrer noopener\">Bases<\/a>&nbsp;<\/p>\n\n\n\n<h3 class=\"wp-block-heading\" id=\"h-salon-de-primavera-guillermo-de-olives-pons\">Sal\u00f3n de Primavera Guillermo de Olives Pons\u00a0\u00a0\u00a0<\/h3>\n\n\n\n<p>Edici\u00f3n (2026): XLV&nbsp;<\/p>\n\n\n\n<p>Convoca: Ateneo Cient\u00edfico, Literario y Art\u00edstico de Mah\u00f3n (Baleares).&nbsp;<\/p>\n\n\n\n<p>Cl\u00e1usulas: t\u00e9cnica y tem\u00e1tica libres. Dimensiones comprendidas entre un m\u00ednimo de\u00a061\u00a0 50\u00a0cm y un m\u00e1ximo de 162 x\u00a0130 cm.\u00a0<\/p>\n\n\n\n<p>Plazo de presentaci\u00f3n: hasta el 22 de mayo de 2026.\u00a0\u00a0\u00a0<\/p>\n\n\n\n<p>Cuant\u00eda premio: 5.000 euros (Medalla de Oro) y 2.000 euros (Menci\u00f3n Honor\u00edfica).&nbsp;<\/p>\n\n\n\n<p><a href=\"https:\/\/ateneumao.org\/wp-content\/uploads\/2026\/03\/BASES-XLV-Premi-Salo-Primavera-Guillermo-de-Olives-Pons-CAST.pdf\" target=\"_blank\" rel=\"noreferrer noopener\">Bases<\/a>&nbsp;<\/p>\n\n\n\n<h3 class=\"wp-block-heading\" id=\"h-concurso-internacional-de-pintura-villa-de-fuente-alamo\">Concurso Internacional de Pintura Villa de Fuente \u00c1lamo\u00a0\u00a0\u00a0<\/h3>\n\n\n\n<p>Edici\u00f3n (2026): LIV&nbsp;<\/p>\n\n\n\n<p>Convoca: Ayuntamiento de Fuente \u00c1lamo (Murcia).&nbsp;<\/p>\n\n\n\n<p>Cl\u00e1usulas: tema y t\u00e9cnica libres, y dimensiones m\u00e1ximas de 200 cm\u00a0en su lado mayor, y m\u00ednimas de 100 cm en el menor.\u00a0<\/p>\n\n\n\n<p>Plazo de presentaci\u00f3n: hasta el 24 de mayo de 2026.\u00a0<\/p>\n\n\n\n<p>Cuant\u00eda premio: 10.000 euros (Villa del \u00c1lamo) y 6.000 euros (Premio C\u00edrculo Medina).&nbsp;<\/p>\n\n\n\n<p><a href=\"https:\/\/ayto-fuentealamo.es\/basespintura54\/\" target=\"_blank\" rel=\"noreferrer noopener\">Bases<\/a>&nbsp;<\/p>\n\n\n\n<h3 class=\"wp-block-heading\" id=\"h-certamen-nacional-de-pintura-pedro-bueno\">Certamen Nacional de Pintura Pedro Bueno\u00a0\u00a0\u00a0<\/h3>\n\n\n\n<p>Edici\u00f3n (2026): VIII&nbsp;<\/p>\n\n\n\n<p>Convoca: Ayuntamiento de Villa del R\u00edo (C\u00f3rdoba).&nbsp;<\/p>\n\n\n\n<p>Cl\u00e1usulas: las obras no exceder\u00e1n de 200 x 200 cm ni ser\u00e1n menores de 100 x 100 cm.\u00a0\u00a0\u00a0<\/p>\n\n\n\n<p>Plazo de presentaci\u00f3n: hasta el 29 de mayo de 2026.\u00a0<\/p>\n\n\n\n<p>Cuant\u00eda premio: 7.000 euros.&nbsp;<\/p>\n\n\n\n<p><a href=\"https:\/\/villadelrio.es\/cultura-bases-del-viii-certamen-nacional-de-pintura-pedro-bueno-villa-del-rio-2026\/\" target=\"_blank\" rel=\"noreferrer noopener\">Bases<\/a>&nbsp;<\/p>\n\n\n\n<h3 class=\"wp-block-heading\" id=\"h-concurso-de-pintura-ciudad-de-martos\">Concurso de Pintura Ciudad de Martos\u00a0\u00a0\u00a0<\/h3>\n\n\n\n<p>Edici\u00f3n (2026): LIV&nbsp;<\/p>\n\n\n\n<p>Convoca: Ayuntamiento de Martos (Ja\u00e9n).&nbsp;<\/p>\n\n\n\n<p>Cl\u00e1usulas: tema y t\u00e9cnica libres. El tama\u00f1o no podr\u00e1 exceder de dos metros en su lado mayor.\u00a0<\/p>\n\n\n\n<p>Plazo de presentaci\u00f3n: hasta el 29 de mayo de 2026.\u00a0<\/p>\n\n\n\n<p>Cuant\u00eda premio: 4.000 euros.&nbsp;<\/p>\n\n\n\n<p><a href=\"https:\/\/martos.es\/wp-content\/uploads\/2026\/02\/Bases-Convocatoria-Concurso-de-Pintura-Ciudad-de-Martos-2026.pdf\" target=\"_blank\" rel=\"noreferrer noopener\">Bases<\/a>&nbsp;<\/p>\n\n\n\n<h2 class=\"wp-block-heading\" id=\"h-otras-artes-plasticas\">OTRAS ARTES PL\u00c1STICAS\u00a0<\/h2>\n\n\n\n<h3 class=\"wp-block-heading\" id=\"h-concurso-internacional-de-dibujo\">Concurso Internacional de Dibujo\u00a0\u00a0\u00a0<\/h3>\n\n\n\n<p>Categor\u00eda: Dibujo.&nbsp;<\/p>\n\n\n\n<p>Edici\u00f3n (2026): LXIII&nbsp;<\/p>\n\n\n\n<p>Convoca: Fundaci\u00f3n Vila Casas y Fundaci\u00f3n&nbsp;Ynglada-Guillot.&nbsp;<\/p>\n\n\n\n<p>Cl\u00e1usulas: t\u00e9cnica de dibujo contempor\u00e1neo libre, que\u00a0incluye las artes pl\u00e1sticas; la ilustraci\u00f3n, el dibujo de arquitectura o el c\u00f3mic. Tama\u00f1o comprendido entre 40 x 40 cm y 90 x 90 cm\u00a0<\/p>\n\n\n\n<p>Plazo de presentaci\u00f3n: hasta el 17 de mayo de 2026.\u00a0<\/p>\n\n\n\n<p>Cuant\u00eda premio: 5.000 euros.&nbsp;<\/p>\n\n\n\n<p><a href=\"https:\/\/www.recursosculturales.com\/concurso-de-dibujo-fundacio-ynglada-guillot\/\" target=\"_blank\" rel=\"noreferrer noopener\">Bases<\/a>&nbsp;<\/p>\n\n\n\n<h3 class=\"wp-block-heading\" id=\"h-certamen-de-artes-plasticas-jose-lapayese-bruna\">Certamen de Artes Pl\u00e1sticas Jos\u00e9\u00a0Lapayese\u00a0Bruna\u00a0\u00a0\u00a0<\/h3>\n\n\n\n<p>Categor\u00eda: Artes pl\u00e1sticas.&nbsp;<\/p>\n\n\n\n<p>Edici\u00f3n (2026): XXVII&nbsp;<\/p>\n\n\n\n<p>Convoca: Centro de Estudios del Jiloca \u2013 Espacio&nbsp;Xiloca.&nbsp;<\/p>\n\n\n\n<p>Cl\u00e1usulas: obra reciente de pintura o escultura, de tem\u00e1tica y medidas libres y que no superen los 25 Kg.\u00a0<\/p>\n\n\n\n<p>Plazo de presentaci\u00f3n:hasta el 24 de mayo de 2026.\u00a0<\/p>\n\n\n\n<p>Cuant\u00eda premio: 1.600 euros (Jos\u00e9&nbsp;Lapayese) y 1.000 euros (Premio&nbsp;Ars).&nbsp;<\/p>\n\n\n\n<p><a href=\"https:\/\/espacioxiloca.org\/fomento-de-la-creacion-artistica\/\" target=\"_blank\" rel=\"noreferrer noopener\">Bases<\/a>&nbsp;<\/p>\n\n\n\n<h3 class=\"wp-block-heading\" id=\"h-bienal-de-escultura-pena-de-martos\">Bienal de Escultura Pe\u00f1a de Martos\u00a0\u00a0\u00a0<\/h3>\n\n\n\n<p>Categor\u00eda: Escultura.&nbsp;<\/p>\n\n\n\n<p>Edici\u00f3n (2026): XX&nbsp;<\/p>\n\n\n\n<p>Convoca: Ayuntamiento de Martos (Ja\u00e9n).&nbsp;<\/p>\n\n\n\n<p>Cl\u00e1usulas: tem\u00e1tica, materiales y t\u00e9cnica libres. El tama\u00f1o de la obra no podr\u00e1 exceder los 80 cm en su lado mayor ni los 30 Kg de peso.\u00a0<\/p>\n\n\n\n<p>Plazo de presentaci\u00f3n: hasta el 29 de mayo de 2026.\u00a0\u00a0\u00a0<\/p>\n\n\n\n<p>Cuant\u00eda premio: 2.000 euros.&nbsp;<\/p>\n\n\n\n<p><a href=\"https:\/\/martos.es\/wp-content\/uploads\/2026\/02\/Bases-Convocatoria-Bienal-Escultura-Pena-de-Martos-2026.pdf\" target=\"_blank\" rel=\"noreferrer noopener\">Bases<\/a>&nbsp;<\/p>\n\n\n\n<h3 class=\"wp-block-heading\" id=\"h-premio-atlante-de-grabado\">Premio Atlante de Grabado\u00a0<\/h3>\n\n\n\n<p>Categor\u00eda: Grabado.&nbsp;<\/p>\n\n\n\n<p>Edici\u00f3n (2026): XVII&nbsp;<\/p>\n\n\n\n<p>Convoca: Fundaci\u00f3n&nbsp;Museo de Artes del Grabado a la Estampa Digital.&nbsp;<\/p>\n\n\n\n<p>Cl\u00e1usulas: se podr\u00e1n emplear cualquiera de los sistemas y t\u00e9cnicas del arte gr\u00e1fico, incluidos procedimientos digitales y electrogr\u00e1ficos. El tama\u00f1o ser\u00e1 de 38 x 28 cm.\u00a0<\/p>\n\n\n\n<p>Plazo de presentaci\u00f3n: hasta el 31 de mayo de 2026.\u00a0\u00a0\u00a0<\/p>\n\n\n\n<p>Cuant\u00eda premios: se entregar\u00e1n siete galardones, con cuant\u00edas desde 5.000 a 2.000 euros.\u00a0\u00a0\u00a0<\/p>\n\n\n\n<p><a href=\"https:\/\/www.fundartes.gal\/premio-atlante\/\" target=\"_blank\" rel=\"noreferrer noopener\">Bases<\/a>&nbsp;<\/p>\n","protected":false},"excerpt":{"rendered":"<p>Descubre 34 concursos literarios y art\u00edsticos que cierran en mayo de 2026, con premios en relato, pintura, fotograf\u00eda y m\u00e1s.<\/p>\n","protected":false},"author":29,"featured_media":15262,"comment_status":"open","ping_status":"open","sticky":false,"template":"","format":"standard","meta":{"_acf_changed":false,"footnotes":""},"categories":[290],"tags":[231],"class_list":{"0":"post-15261","1":"post","2":"type-post","3":"status-publish","4":"format-standard","5":"has-post-thumbnail","7":"category-agenda-de-concursos","8":"tag-concursos"},"acf":[],"_links":{"self":[{"href":"https:\/\/www.safecreative.org\/tips\/es\/wp-json\/wp\/v2\/posts\/15261","targetHints":{"allow":["GET"]}}],"collection":[{"href":"https:\/\/www.safecreative.org\/tips\/es\/wp-json\/wp\/v2\/posts"}],"about":[{"href":"https:\/\/www.safecreative.org\/tips\/es\/wp-json\/wp\/v2\/types\/post"}],"author":[{"embeddable":true,"href":"https:\/\/www.safecreative.org\/tips\/es\/wp-json\/wp\/v2\/users\/29"}],"replies":[{"embeddable":true,"href":"https:\/\/www.safecreative.org\/tips\/es\/wp-json\/wp\/v2\/comments?post=15261"}],"version-history":[{"count":18,"href":"https:\/\/www.safecreative.org\/tips\/es\/wp-json\/wp\/v2\/posts\/15261\/revisions"}],"predecessor-version":[{"id":15293,"href":"https:\/\/www.safecreative.org\/tips\/es\/wp-json\/wp\/v2\/posts\/15261\/revisions\/15293"}],"wp:featuredmedia":[{"embeddable":true,"href":"https:\/\/www.safecreative.org\/tips\/es\/wp-json\/wp\/v2\/media\/15262"}],"wp:attachment":[{"href":"https:\/\/www.safecreative.org\/tips\/es\/wp-json\/wp\/v2\/media?parent=15261"}],"wp:term":[{"taxonomy":"category","embeddable":true,"href":"https:\/\/www.safecreative.org\/tips\/es\/wp-json\/wp\/v2\/categories?post=15261"},{"taxonomy":"post_tag","embeddable":true,"href":"https:\/\/www.safecreative.org\/tips\/es\/wp-json\/wp\/v2\/tags?post=15261"}],"curies":[{"name":"wp","href":"https:\/\/api.w.org\/{rel}","templated":true}]}}