{"id":14887,"date":"2026-03-17T08:00:00","date_gmt":"2026-03-17T07:00:00","guid":{"rendered":"https:\/\/www.safecreative.org\/tips\/es\/?p=14887"},"modified":"2026-03-16T08:15:33","modified_gmt":"2026-03-16T07:15:33","slug":"la-oepm-anula-la-marca-la-mafia-se-sienta-a-la-mesa-en-espana","status":"publish","type":"post","link":"https:\/\/www.safecreative.org\/tips\/es\/la-oepm-anula-la-marca-la-mafia-se-sienta-a-la-mesa-en-espana\/","title":{"rendered":"La OEPM anula la marca\u00a0\u00abLa Mafia se sienta a la mesa\u00bb\u00a0en Espa\u00f1a\u00a0"},"content":{"rendered":"\n<p>Los m\u00e1s de 25 a\u00f1os&nbsp;de presencia en el mercado espa\u00f1ol no han bastado para proteger&nbsp;a&nbsp;la&nbsp;marca de restauraci\u00f3n&nbsp;<em>La Mafia se sienta a la mesa<\/em>.&nbsp;Italia&nbsp;ha ganado la batalla que mantiene desde hace a\u00f1os con la cadena de restaurantes de origen zaragozano al lograr que la Oficina&nbsp;Espa\u00f1ola de Patentes y Marcas (OEPM)&nbsp;anule&nbsp;esta marca que considera&nbsp;ofensiva&nbsp;para la imagen&nbsp;del&nbsp;pa\u00eds y de su cocina.&nbsp;La compa\u00f1\u00eda aragonesa&nbsp;ha anunciado que recurrir\u00e1 la resoluci\u00f3n por la v\u00eda administrativa, descartando llevar el caso a los tribunales.&nbsp;<\/p>\n\n\n\n<h2 class=\"wp-block-heading\" id=\"h-denominacion-contraria-al-orden-publico\">Denominaci\u00f3n contraria al orden p\u00fablico\u00a0<\/h2>\n\n\n\n<p>La resoluci\u00f3n de la OEPM\u00a0considera\u00a0que el uso del t\u00e9rmino \u00abmafia\u00bb en una marca comercial es \u00abcontrario al orden p\u00fablico\u00bb y las \u00abbuenas costumbres\u00bb, seg\u00fan\u00a0<a href=\"https:\/\/www.expansion.com\/empresas\/distribucion\/2026\/03\/05\/69a88dffe5fdeaa3118b45eb.html\" target=\"_blank\" rel=\"noreferrer noopener\">Expansi\u00f3n<\/a>, que ha tenido acceso\u00a0en exclusiva\u00a0al contenido.\u00a0As\u00ed,\u00a0el\u00a0organismo ha\u00a0aceptado\u00a0la solicitud de nulidad de marca\u00a0que presentaron en\u00a0febrero\u00a0del a\u00f1o\u00a0pasado\u00a0las autoridades italianas\u00a0al entender que\u00a0esta denominaci\u00f3n supone trivializar la imagen de una organizaci\u00f3n delictiva\u00a0al asociarla con\u00a0experiencias\u00a0de ocio y gastron\u00f3micas.\u00a0Se trata de un caso llamativo,\u00a0puesto que lo habitual es que este tipo de disputas se produzcan entre empresas apelando al riesgo de confusi\u00f3n.\u00a0<\/p>\n\n\n\n<h2 class=\"wp-block-heading\" id=\"h-nombra-una-organizacion-delictiva-real\">Nombra una organizaci\u00f3n delictiva real\u00a0<\/h2>\n\n\n\n<p>La\u00a0oficina que gestiona la propiedad industrial en Espa\u00f1a tambi\u00e9n\u00a0hace referencia\u00a0a que\u00a0la marca \u00abreproduce de manera directa el nombre de una organizaci\u00f3n criminal real\u00bb, indica el diario econ\u00f3mico, que sigue actuando hoy d\u00eda y est\u00e1 lejos de ser una ficci\u00f3n\u00a0literaria o cinematogr\u00e1fica. De hecho, la OEPM se\u00f1ala en su resoluci\u00f3n que\u00a0la mafia no es\u00a0una\u00a0organizaci\u00f3n ajena a\u00a0Espa\u00f1a, donde est\u00e1 implantada desde hace d\u00e9cadas vulnerando los \u00abprincipios \u00e9ticos y morales asumidos por todos los Estados miembros\u00bb de la Uni\u00f3n Europea\u00a0(UE).\u00a0<\/p>\n\n\n\n<p>Entre&nbsp;las actividades il\u00edcitas que practica, sobre todo en zonas tur\u00edsticas, menciona&nbsp;el \u00abblanqueo de dinero\u00bb,&nbsp;a trav\u00e9s de&nbsp;la compra de&nbsp;establecimientos&nbsp;de&nbsp;hosteler\u00eda, incluidos&nbsp;restaurantes, lo que refuerza lo impropio del uso de&nbsp;la&nbsp;marca&nbsp;en nuestro pa\u00eds.&nbsp;<\/p>\n\n\n\n<h2 class=\"wp-block-heading\" id=\"h-el-tgue-impidio-su-registro-en-europa\">El TGUE impidi\u00f3 su registro en Europa\u00a0<\/h2>\n\n\n\n<p>La decisi\u00f3n&nbsp;de la OEPM&nbsp;est\u00e1 en l\u00ednea con el&nbsp;veredicto&nbsp;emitido en 2018 por el&nbsp;Tribunal General de la Uni\u00f3n Europea (TGUE),&nbsp;que&nbsp;respald\u00f3&nbsp;la negativa de la&nbsp;oficina&nbsp;de marcas de la regi\u00f3n&nbsp;(EUIPO)&nbsp;a&nbsp;proteger este signo en&nbsp;el mercado europeo.&nbsp;De aqu\u00ed que&nbsp;el&nbsp;texto del fallo indique que&nbsp;los&nbsp;\u00abvalores morales\u00bb&nbsp;en los que se fundamenta la UE&nbsp;\u00abimpiden\u00bb&nbsp;no solo el registro sino tambi\u00e9n la explotaci\u00f3n comercial de esta denominaci\u00f3n porque&nbsp;supondr\u00eda una&nbsp;\u00abofensa\u00bb a las v\u00edctimas&nbsp;de la organizaci\u00f3n criminal y a sus familiares.&nbsp;<\/p>\n\n\n\n<h2 class=\"wp-block-heading\" id=\"h-la-cadena-rechaza-las-connotaciones-negativas\">La cadena rechaza las connotaciones negativas\u00a0<\/h2>\n\n\n\n<p>Para el grupo zaragozano&nbsp;se trata de&nbsp;una decisi\u00f3n&nbsp;\u00absin precedentes&nbsp;en Espa\u00f1a\u00bb&nbsp;y&nbsp;ha recordado que la marca ha sido&nbsp;registrada&nbsp;y renovada en&nbsp;varias&nbsp;ocasiones por&nbsp;el mismo organismo que ahora la ha anulado, indica&nbsp;<a href=\"https:\/\/legalarmy.net\/italia-gana-una-batalla-legal-y-logra-anular-la-marca-de-la-cadena-de-restauracion-la-mafia-se-sienta-a-la-mesa\/\" target=\"_blank\" rel=\"noreferrer noopener\">Legal Army<\/a>. Apoya su defensa en el derecho a la libertad de expresi\u00f3n y en&nbsp;que su uso responde a&nbsp;una&nbsp;referencia cultural \u00abno a una&nbsp;exaltaci\u00f3n&nbsp;del&nbsp;crimen organizado\u00bb.&nbsp;Tambi\u00e9n afirma que ha realizado varios intentos de dialogar con el embajador italiano, impulsor de la impugnaci\u00f3n de la marca en Espa\u00f1a,&nbsp;que han sido rechazados&nbsp;para explicarle el sentido y el origen del nombre.&nbsp;\u00abSomos ajenos y nos alejamos de cualquier connotaci\u00f3n negativa que se nos achaca desde la OEPM y la Embajada italiana\u00bb,&nbsp;recoge&nbsp;<a href=\"https:\/\/www.reasonwhy.es\/actualidad\/nulidad-marca-la-mafia-se-sienta-a-la-mesa-embajada-italia\" target=\"_blank\" rel=\"noreferrer noopener\">ReasonWhy<\/a>.&nbsp;&nbsp;<\/p>\n\n\n\n<h2 class=\"wp-block-heading\" id=\"h-presentara-recurso-de-alzada\">Presentar\u00e1 recurso de alzada\u00a0<\/h2>\n\n\n\n<p>Su consejero delegado, Javier&nbsp;Florist\u00e1n,&nbsp;ha confirmado&nbsp;a&nbsp;<a href=\"https:\/\/efeagro.com\/mafia-mesa-restaurante-italiano\/\" target=\"_blank\" rel=\"noreferrer noopener\">EFEAgro<\/a>&nbsp;que presentar\u00e1n un recurso de alzada contra la&nbsp;resoluci\u00f3n, porque&nbsp;\u00abno nos&nbsp;merece&nbsp;la pena entrar en conflictos judiciales\u00bb.&nbsp;De momento, la firma de&nbsp;restauraci\u00f3n&nbsp;contempla seguir utilizando su marca en espera de la resoluci\u00f3n definitiva&nbsp;y&nbsp;continuar el&nbsp;plan&nbsp;previsto de abrir&nbsp;30&nbsp;locales&nbsp;este&nbsp;a\u00f1o,&nbsp;se\u00f1ala&nbsp;<a href=\"https:\/\/restauracionnews.com\/2026\/03\/la-mafia-resolucion-marca\/\" target=\"_blank\" rel=\"noreferrer noopener\">Restauraci\u00f3n News<\/a>.&nbsp;&nbsp;<\/p>\n\n\n\n<p>En todo caso, ante la posibilidad de que se confirme la nulidad de la marca,&nbsp;el equipo de&nbsp;Florist\u00e1n&nbsp;no se ha quedado de brazos cruzados y lleva un tiempo trabajando, junto a consultores y abogados,&nbsp;en la b\u00fasqueda de otras&nbsp;denominaciones que permitan reforzar su posicionamiento en el mercado a largo plazo.&nbsp;Por su parte, Italia no se ha descuidado lo m\u00e1s m\u00ednimo y ya ha acudido a los&nbsp;juzgados&nbsp;de lo mercantil&nbsp;de&nbsp;Barcelona&nbsp;en busca de&nbsp;una sentencia definitiva que obligue a&nbsp;la franquicia a&nbsp;dejar de usar&nbsp;la marca.&nbsp;<\/p>\n\n\n\n<p>Fuentes:\u00a0Expansi\u00f3n, Legal\u00a0Army,\u00a0ReasonWhy,\u00a0EFEAgro, Restauraci\u00f3n News.\u00a0<\/p>\n","protected":false},"excerpt":{"rendered":"<p>La OEPM anula la marca \u00abLa Mafia se sienta a la mesa\u00bb por considerarla contraria al orden p\u00fablico. La cadena recurrir\u00e1 por v\u00eda administrativa.<\/p>\n","protected":false},"author":4,"featured_media":14888,"comment_status":"open","ping_status":"open","sticky":false,"template":"","format":"standard","meta":{"_acf_changed":false,"footnotes":""},"categories":[2],"tags":[52,146],"class_list":{"0":"post-14887","1":"post","2":"type-post","3":"status-publish","4":"format-standard","5":"has-post-thumbnail","7":"category-noticias","8":"tag-casos-reales","9":"tag-marcas"},"acf":[],"_links":{"self":[{"href":"https:\/\/www.safecreative.org\/tips\/es\/wp-json\/wp\/v2\/posts\/14887","targetHints":{"allow":["GET"]}}],"collection":[{"href":"https:\/\/www.safecreative.org\/tips\/es\/wp-json\/wp\/v2\/posts"}],"about":[{"href":"https:\/\/www.safecreative.org\/tips\/es\/wp-json\/wp\/v2\/types\/post"}],"author":[{"embeddable":true,"href":"https:\/\/www.safecreative.org\/tips\/es\/wp-json\/wp\/v2\/users\/4"}],"replies":[{"embeddable":true,"href":"https:\/\/www.safecreative.org\/tips\/es\/wp-json\/wp\/v2\/comments?post=14887"}],"version-history":[{"count":3,"href":"https:\/\/www.safecreative.org\/tips\/es\/wp-json\/wp\/v2\/posts\/14887\/revisions"}],"predecessor-version":[{"id":14893,"href":"https:\/\/www.safecreative.org\/tips\/es\/wp-json\/wp\/v2\/posts\/14887\/revisions\/14893"}],"wp:featuredmedia":[{"embeddable":true,"href":"https:\/\/www.safecreative.org\/tips\/es\/wp-json\/wp\/v2\/media\/14888"}],"wp:attachment":[{"href":"https:\/\/www.safecreative.org\/tips\/es\/wp-json\/wp\/v2\/media?parent=14887"}],"wp:term":[{"taxonomy":"category","embeddable":true,"href":"https:\/\/www.safecreative.org\/tips\/es\/wp-json\/wp\/v2\/categories?post=14887"},{"taxonomy":"post_tag","embeddable":true,"href":"https:\/\/www.safecreative.org\/tips\/es\/wp-json\/wp\/v2\/tags?post=14887"}],"curies":[{"name":"wp","href":"https:\/\/api.w.org\/{rel}","templated":true}]}}