{"id":14841,"date":"2026-03-13T08:00:00","date_gmt":"2026-03-13T07:00:00","guid":{"rendered":"https:\/\/www.safecreative.org\/tips\/es\/?p=14841"},"modified":"2026-03-13T09:46:29","modified_gmt":"2026-03-13T08:46:29","slug":"mexico-debate-una-reforma-del-doblaje-y-el-cine-impulsada-por-sheinbaum","status":"publish","type":"post","link":"https:\/\/www.safecreative.org\/tips\/es\/mexico-debate-una-reforma-del-doblaje-y-el-cine-impulsada-por-sheinbaum\/","title":{"rendered":"M\u00e9xico debate una reforma del doblaje y el cine impulsada por Sheinbaum\u00a0"},"content":{"rendered":"\n<p>El Gobierno mexicano ha\u00a0puesto en el centro del\u00a0debate legislativo\u00a0la regulaci\u00f3n\u00a0de las voces de doblaje\u00a0y el\u00a0cine.\u00a0Su\u00a0presidenta,\u202fClaudia Sheinbaum,\u202fha\u00a0presentado\u00a0a la\u202fC\u00e1mara de Diputados\u202fdos iniciativas, una en la que plantea reformas\u00a0a las leyes federales del Trabajo y del Derecho de Autor\u00a0enfocadas en los actores de doblaje\u00a0y,\u00a0la otra,\u00a0para\u00a0crear\u00a0una nueva Ley Federal de Cine y Audiovisual que sustituya a la norma vigente desde 1992.\u00a0Ambas ya est\u00e1n en manos de las correspondientes comisiones para su an\u00e1lisis y dictamen\u00a0antes de pasar a votaci\u00f3n en el\u00a0Pleno\u00a0de la C\u00e1mara.\u00a0<\/p>\n\n\n\n<p>La pretensi\u00f3n del Ejecutivo con este paquete de medidas es&nbsp;doble, seg\u00fan el&nbsp;<a href=\"https:\/\/comunicacionsocial.diputados.gob.mx\/index.php\/boletines\/la-camara-de-diputados-recibio-y-turno-a-comisiones-dos-iniciativas-de-la-presidenta-de-la-republica\" target=\"_blank\" rel=\"noreferrer noopener\">comunicado<\/a>&nbsp;de la C\u00e1mara de Diputados. Por un lado,&nbsp;\u00abproteger\u00bb&nbsp;los derechos de&nbsp;artistas int\u00e9rpretes y ejecutantes&nbsp;\u00abdel uso no autorizado de su&nbsp;imagen y su&nbsp;voz\u00bb&nbsp;por parte de los&nbsp;modelos&nbsp;de inteligencia artificial (IA).&nbsp;Por otro,&nbsp;\u00abimpulsar el desarrollo de la industria cinematogr\u00e1fica\u00bb actualizando una&nbsp;ley&nbsp;promulgada hace m\u00e1s de tres d\u00e9cadas.&nbsp;&nbsp;<\/p>\n\n\n\n<h2 class=\"wp-block-heading\" id=\"h-proteger-derechos-frente-a-la-ia\">Proteger derechos frente a la IA\u00a0<\/h2>\n\n\n\n<p>Respecto a la&nbsp;legislaci\u00f3n laboral y&nbsp;de derechos de autor, el proyecto establece&nbsp;que&nbsp;cualquier reproducci\u00f3n \u00abtotal o&nbsp;parcial\u00bb&nbsp;de la imagen o de la voz de un artista est\u00e1 sujeta a su \u00abconsentimiento expreso, libre e informado\u00bb y a que exista una \u00abremuneraci\u00f3n\u00bb justa. En la exposici\u00f3n de motivos&nbsp;de la propuesta,&nbsp;se pone en valor la importancia del doblaje en M\u00e9xico como una actividad en la que los artistas son \u00abun referente mundial\u00bb. Asimismo, se aboga por considerar la voz humana \u00abno solo como un sonido, sino como una herramienta de trabajo cuyo fin es transmitir historia, emoci\u00f3n y sentimiento con matices \u00fanicos e irrepetibles\u00bb, destaca&nbsp;<a href=\"https:\/\/www.jornada.com.mx\/2026\/02\/25\/espectaculos\/a07n2esp\" target=\"_blank\" rel=\"noreferrer noopener\">La Jornada<\/a>.&nbsp;<\/p>\n\n\n\n<p>La iniciativa tambi\u00e9n contempla&nbsp;elevadas&nbsp;sanciones econ\u00f3micas en caso de uso de material protegido sin autorizaci\u00f3n. Las multas oscilan entre 117.310 y 586.550 pesos,&nbsp;se\u00f1ala&nbsp;<a href=\"https:\/\/amp.milenio.com\/politica\/sheinbaum-envia-diputados-iniciativa-ley-federal-cine\" target=\"_blank\" rel=\"noreferrer noopener\">Milenio<\/a>, cantidad que puede llegar a duplicarse si se&nbsp;reincide en la infracci\u00f3n. Al tiempo, se abre la posibilidad&nbsp;de que las denuncias se puedan tramitar por mecanismos alternativos para resolver las diferencias y evitar litigios que se extiendan en el tiempo. El&nbsp;Instituto Nacional del Derecho de Autor (Indautor)&nbsp;tambi\u00e9n ver\u00e1 reforzadas sus atribuciones como vig\u00eda del cumplimiento de la ley&nbsp;para&nbsp;favorecer la protecci\u00f3n de los derechos de los titulares.&nbsp;<\/p>\n\n\n\n<h2 class=\"wp-block-heading\" id=\"h-nueva-ley-para-el-cine-y-el-audiovisual\">Nueva ley para el cine y el audiovisual\u00a0<\/h2>\n\n\n\n<p>En el caso del sector cinematogr\u00e1fico y audiovisual, la iniciativa del gobierno liderado&nbsp;por&nbsp;Sheinbaum&nbsp;apuesta por&nbsp;una&nbsp;ley&nbsp;que responda a los cambios de la era digital con un&nbsp;\u00abenfoque&nbsp;de inclusi\u00f3n social y&nbsp;libertad&nbsp;creativa\u00bb, seg\u00fan el comunicado oficial.&nbsp;Actualiza la regulaci\u00f3n&nbsp;del conjunto del&nbsp;sector audiovisual, desde la&nbsp;producci\u00f3n, distribuci\u00f3n&nbsp;y&nbsp;comercializaci\u00f3n&nbsp;hasta la&nbsp;exhibici\u00f3n&nbsp;y&nbsp;preservaci\u00f3n de las obras creativas.&nbsp;Tambi\u00e9n ampl\u00eda su alcance a las \u00abplataforma digitales&nbsp;de&nbsp;<em>streaming\u00bb,<\/em>&nbsp;apunta&nbsp;<a href=\"https:\/\/www.msn.com\/es-mx\/dinero\/noticias\/diputados-turnan-a-comisiones-iniciativas-sobre-derechos-de-autor-y-la-ley-federal-de-cine-se-busca-proteger-a-actores-de-la-ia\/ar-AA1X08XT?apiversion=v2&amp;domshim=1&amp;noservercache=1&amp;noservertelemetry=1&amp;batchservertelemetry=1&amp;renderwebcomponents=1&amp;wcseo=1\" target=\"_blank\" rel=\"noreferrer noopener\">El Universal<\/a>, y contempla incentivos para las \u00absalas de cine que destinen al menos el 30% de su cartelera a pel\u00edculas nacionales\u00bb para aumentar la presencia del cine mexicano en el mercado, indica Milenio.&nbsp;<\/p>\n\n\n\n<h2 class=\"wp-block-heading\" id=\"h-respaldo-del-congreso-con-matices\">Respaldo\u00a0del Congreso\u00a0con matices\u00a0<\/h2>\n\n\n\n<p>El Partido del Trabajo, aunque ha manifestado su apoyo a las reformas, es partidario de enriquecer la propuesta con aportaciones&nbsp;del sector cultural. Su diputada Ana Karina Rojo ha advertido que \u00abdeja fuera a los productores, escen\u00f3grafos, t\u00e9cnicos, iluminadores, escritores o guionistas\u00bb, por lo que plantear\u00e1n modificaciones durante el proceso legislativo, recoge&nbsp;<a href=\"https:\/\/www.tallapolitica.com.mx\/legisladoras-del-pt-respaldan-reforma-para-fortalecer-derechos-laborales-de-artistas-y-autores\/\" target=\"_blank\" rel=\"noreferrer noopener\">Talla Pol\u00edtica<\/a>.&nbsp;<\/p>\n\n\n\n<p>Por su parte, el gremio art\u00edstico ha mostrado su descontento&nbsp;con algunos&nbsp;cambios introducidos en la propuesta&nbsp;en el \u00faltimo momento&nbsp;que no recogen&nbsp;los acuerdos alcanzados&nbsp;durante las negociaciones del a\u00f1o pasado.&nbsp;La actriz de doblaje Lili Barba, representante de la Asociaci\u00f3n Mexicana de Locutores, ha&nbsp;declarado&nbsp;a&nbsp;<a href=\"https:\/\/www.msn.com\/es-mx\/noticias\/other\/iniciativa-de-ley-federal-de-derechos-de-autor-apoya-a-disqueras-pero-no-a-los-artistas\/ar-AA1XwRzu\" target=\"_blank\" rel=\"noreferrer noopener\">El Universal<\/a>&nbsp;que&nbsp;la redacci\u00f3n actual \u00abbeneficia m\u00e1s a las compa\u00f1\u00edas discogr\u00e1ficas que a los artistas\u00bb.&nbsp;<\/p>\n\n\n\n<p>Fuentes:&nbsp;C\u00e1mara de Diputados (comunicado), La Jornada, Milenio, El Universal (v\u00eda MSN), Talla Pol\u00edtica.&nbsp;<\/p>\n","protected":false},"excerpt":{"rendered":"<p>M\u00e9xico impulsa reformas para proteger las voces de doblaje frente a la IA y crear una nueva Ley de Cine y Audiovisual.<\/p>\n","protected":false},"author":4,"featured_media":14842,"comment_status":"open","ping_status":"open","sticky":false,"template":"","format":"standard","meta":{"_acf_changed":false,"footnotes":""},"categories":[2],"tags":[12,145,33],"class_list":{"0":"post-14841","1":"post","2":"type-post","3":"status-publish","4":"format-standard","5":"has-post-thumbnail","7":"category-noticias","8":"tag-derechos-de-autor","9":"tag-doblaje","10":"tag-inteligencia-artificial"},"acf":[],"_links":{"self":[{"href":"https:\/\/www.safecreative.org\/tips\/es\/wp-json\/wp\/v2\/posts\/14841","targetHints":{"allow":["GET"]}}],"collection":[{"href":"https:\/\/www.safecreative.org\/tips\/es\/wp-json\/wp\/v2\/posts"}],"about":[{"href":"https:\/\/www.safecreative.org\/tips\/es\/wp-json\/wp\/v2\/types\/post"}],"author":[{"embeddable":true,"href":"https:\/\/www.safecreative.org\/tips\/es\/wp-json\/wp\/v2\/users\/4"}],"replies":[{"embeddable":true,"href":"https:\/\/www.safecreative.org\/tips\/es\/wp-json\/wp\/v2\/comments?post=14841"}],"version-history":[{"count":3,"href":"https:\/\/www.safecreative.org\/tips\/es\/wp-json\/wp\/v2\/posts\/14841\/revisions"}],"predecessor-version":[{"id":14867,"href":"https:\/\/www.safecreative.org\/tips\/es\/wp-json\/wp\/v2\/posts\/14841\/revisions\/14867"}],"wp:featuredmedia":[{"embeddable":true,"href":"https:\/\/www.safecreative.org\/tips\/es\/wp-json\/wp\/v2\/media\/14842"}],"wp:attachment":[{"href":"https:\/\/www.safecreative.org\/tips\/es\/wp-json\/wp\/v2\/media?parent=14841"}],"wp:term":[{"taxonomy":"category","embeddable":true,"href":"https:\/\/www.safecreative.org\/tips\/es\/wp-json\/wp\/v2\/categories?post=14841"},{"taxonomy":"post_tag","embeddable":true,"href":"https:\/\/www.safecreative.org\/tips\/es\/wp-json\/wp\/v2\/tags?post=14841"}],"curies":[{"name":"wp","href":"https:\/\/api.w.org\/{rel}","templated":true}]}}