{"id":14273,"date":"2026-01-27T15:00:00","date_gmt":"2026-01-27T14:00:00","guid":{"rendered":"https:\/\/www.safecreative.org\/tips\/es\/?p=14273"},"modified":"2026-02-20T07:11:40","modified_gmt":"2026-02-20T06:11:40","slug":"los-38-certamenes-que-no-puedes-perderte-en-febrero","status":"publish","type":"post","link":"https:\/\/www.safecreative.org\/tips\/es\/los-38-certamenes-que-no-puedes-perderte-en-febrero\/","title":{"rendered":"Los 38 cert\u00e1menes que no puedes perderte en febrero"},"content":{"rendered":"\n<p>Relato y poes\u00eda centran en esta ocasi\u00f3n los principales concursos literarios y art\u00edsticos cuyo plazo de presentaci\u00f3n concluye este febrero. Un mes en el que expira la fecha para enviar los manuscritos del Premio de Novela Fernando Lara, dotado con 120.000 euros, pero en el que tambi\u00e9n caben otros cert\u00e1menes dedicados a la fotograf\u00eda y las artes pl\u00e1sticas, el teatro y otras narrativas, como la no ficci\u00f3n o la literatura gastron\u00f3mica.\u00a0Febrero acoge nuevas oportunidades para que literatos, pintores, fot\u00f3grafos y dem\u00e1s artistas puedan mostrar su talento enviando sus obras originales a los diversos cert\u00e1menes que se organizan por toda la geograf\u00eda espa\u00f1ola.\u00a0A continuaci\u00f3n,\u00a0os damos\u00a0<strong>todas las claves de los 38 concursos cuyo plazo de presentaci\u00f3n concluye en febrero de 2026.<\/strong>\u00a0<\/p>\n\n\n\n<h2 class=\"wp-block-heading\" id=\"h-novela\">NOVELA\u00a0<\/h2>\n\n\n\n<h3 class=\"wp-block-heading\" id=\"h-premio-internacional-de-novela-breve-almadia-ventosa-arrufat\">Premio Internacional de Novela Breve Almad\u00eda Ventosa-Arrufat\u00a0<\/h3>\n\n\n\n<p>Edici\u00f3n (2025): I\u00a0<\/p>\n\n\n\n<p>Convoca: Editorial Almad\u00eda y Fundaci\u00f3n Ventosa-Arrufat.&nbsp;<\/p>\n\n\n\n<p>Cl\u00e1usulas: extensi\u00f3n entre 25.000 y 45.000 palabras.\u00a0\u00a0\u00a0<\/p>\n\n\n\n<p>Plazo de presentaci\u00f3n: hasta el 13 de febrero de 2026.\u00a0\u00a0\u00a0<\/p>\n\n\n\n<p>Cuant\u00eda premio: 20.000 euros.&nbsp;<\/p>\n\n\n\n<p><a href=\"https:\/\/www.premioalmadiaventosaarrufat.com\/\" target=\"_blank\" rel=\"noreferrer noopener\">Bases<\/a>&nbsp;<\/p>\n\n\n\n<h3 class=\"wp-block-heading\" id=\"h-premio-de-narrativa-diana-zaforteza\">Premio de Narrativa Diana\u00a0Zaforteza\u00a0<\/h3>\n\n\n\n<p>Edici\u00f3n (2026): III&nbsp;<\/p>\n\n\n\n<p>Convoca: Fundaci\u00f3n Diana&nbsp;Zaforteza.&nbsp;<\/p>\n\n\n\n<p>Cl\u00e1usulas: abierto a personas de entre 18 y 43 a\u00f1os. La obra deber\u00e1 tener un m\u00ednimo de 40.000 palabras.\u00a0<\/p>\n\n\n\n<p>Plazo de presentaci\u00f3n: hasta el 15 de febrero de 2026.\u00a0\u00a0\u00a0<\/p>\n\n\n\n<p>Cuant\u00eda premio: 20.000 euros.&nbsp;<\/p>\n\n\n\n<p><a href=\"https:\/\/premiodianazaforteza.com\/\" target=\"_blank\" rel=\"noreferrer noopener\">Bases<\/a>&nbsp;<\/p>\n\n\n\n<h3 class=\"wp-block-heading\" id=\"h-premio-de-novela-fernando-lara\">Premio de Novela Fernando Lara\u00a0<\/h3>\n\n\n\n<p>Edici\u00f3n (2026): XXXI&nbsp;<\/p>\n\n\n\n<p>Convoca: Grupo Planeta y Fundaci\u00f3n AXA.&nbsp;<\/p>\n\n\n\n<p>Cl\u00e1usulas: extensi\u00f3n m\u00ednima de 200 p\u00e1ginas y m\u00e1xima de 650.\u00a0\u00a0\u00a0<\/p>\n\n\n\n<p>Plazo de presentaci\u00f3n: hasta el 17 de febrero de 2026.\u00a0\u00a0\u00a0<\/p>\n\n\n\n<p>Cuant\u00eda premio: 120.000 euros.&nbsp;<\/p>\n\n\n\n<p><a href=\"https:\/\/proassetspdlcom.cdnstatics2.com\/usuaris\/premios\/arxius\/1\/9_1_BasesPremioFernandoLara2026.pdf\" target=\"_blank\" rel=\"noreferrer noopener\">Bases<\/a>&nbsp;<\/p>\n\n\n\n<h3 class=\"wp-block-heading\" id=\"h-certamen-de-novela-corta-ramiro-pinilla\">Certamen de Novela Corta Ramiro Pinilla\u00a0<\/h3>\n\n\n\n<p>Edici\u00f3n (2026): 9\u00ba&nbsp;<\/p>\n\n\n\n<p>Convoca: Getxo Cultura.&nbsp;<\/p>\n\n\n\n<p>Cl\u00e1usulas: para textos tanto en castellano como en euskera, con una extensi\u00f3n de entre 80 y 120 p\u00e1ginas.\u00a0<\/p>\n\n\n\n<p>Plazo de presentaci\u00f3n: hasta el 20 de febrero de 2026.\u00a0\u00a0\u00a0<\/p>\n\n\n\n<p>Cuant\u00eda premio: 6.300 euros.&nbsp;<\/p>\n\n\n\n<p><a href=\"https:\/\/getxo-kultura.eus\/data\/attachments\/2025\/11\/Deialdia-IX-RP.pdf\" target=\"_blank\" rel=\"noreferrer noopener\">Bases<\/a>&nbsp;<\/p>\n\n\n\n<h2 class=\"wp-block-heading\" id=\"h-poesia\">POES\u00cdA\u00a0<\/h2>\n\n\n\n<h3 class=\"wp-block-heading\" id=\"h-certamen-bienal-de-poesia-de-carmona-pena-cultural-los-tranquilotes\">Certamen Bienal de Poes\u00eda de Carmona \u00abPe\u00f1a Cultural Los\u00a0Tranquilotes\u00bb<\/h3>\n\n\n\n<p>Edici\u00f3n (2026): IV&nbsp;<\/p>\n\n\n\n<p>Convoca: Pe\u00f1a Cultural Los&nbsp;Tranquilotes.&nbsp;<\/p>\n\n\n\n<p>Cl\u00e1usulas: tema y m\u00e9trica libres. Extensi\u00f3n entre 50 y 100 versos.\u00a0\u00a0\u00a0<\/p>\n\n\n\n<p>Plazo de\u00a0presentaci\u00f3n: hasta el 1 de febrero de 2026.\u00a0\u00a0\u00a0<\/p>\n\n\n\n<p>Cuant\u00eda premio: 600 euros.&nbsp;<\/p>\n\n\n\n<p><a href=\"https:\/\/www.finalescerrados.com\/p\/cl-iv-certamen-bienal-de-poesia-de.html\" target=\"_blank\" rel=\"noreferrer noopener\">Bases<\/a>&nbsp;<\/p>\n\n\n\n<h3 class=\"wp-block-heading\" id=\"h-premio-de-poesia-antonio-rodenas\">Premio de Poes\u00eda Antonio R\u00f3denas\u00a0<\/h3>\n\n\n\n<p>Edici\u00f3n (2026): VI&nbsp;<\/p>\n\n\n\n<p>Convoca: Fundaci\u00f3n Antonio R\u00f3denas Garc\u00eda-Nieto.&nbsp;<\/p>\n\n\n\n<p>Cl\u00e1usulas: tem\u00e1tica y t\u00e9cnica libres. Extensi\u00f3n entre 500 y 1.000 versos.\u00a0\u00a0\u00a0<\/p>\n\n\n\n<p>Plazo de presentaci\u00f3n: hasta el 9 de febrero de 2026.\u00a0\u00a0\u00a0\u00a0<\/p>\n\n\n\n<p>Cuant\u00eda premio: 6.000 euros.&nbsp;<\/p>\n\n\n\n<p><a href=\"https:\/\/www.fundacionantoniorodenas.com\/upload\/premio\/bases_26.pdf\" target=\"_blank\" rel=\"noreferrer noopener\">Bases<\/a>&nbsp;<\/p>\n\n\n\n<h3 class=\"wp-block-heading\" id=\"h-certamen-internacional-de-poesia-joven-martin-garcia-ramos\">Certamen Internacional de Poes\u00eda Joven \u00abMart\u00edn Garc\u00eda Ramos\u00bb\u00a0<\/h3>\n\n\n\n<p>Edici\u00f3n (2026): XXV&nbsp;<\/p>\n\n\n\n<p>Convoca: Ayuntamiento de Albox (Almer\u00eda).&nbsp;<\/p>\n\n\n\n<p>Cl\u00e1usulas: participantes hasta 29 a\u00f1os. Obras entre 700 y 1.000 versos.\u00a0\u00a0\u00a0<\/p>\n\n\n\n<p>Plazo de presentaci\u00f3n: hasta el 13 de febrero de 2026.\u00a0\u00a0\u00a0<\/p>\n\n\n\n<p>Cuant\u00eda premio: 6.000 euros.&nbsp;<\/p>\n\n\n\n<p><a href=\"http:\/\/www.albox.es\/Servicios\/Teletipo\/Teletipo.nsf\/85591959A34CDB53C1258D4800472A71\/$file\/BASES%20QUE%20RIGEN%20LA%20CONVOCATORIA%20DEL%20XXV%20CERTAMEN%20INTERNACIONAL%20DE%20POES%C3%8DA%20JOVEN%20%20MART%C3%8DN%20GARC%C3%8DA%20RAMOS.pdf\" target=\"_blank\" rel=\"noreferrer noopener\">Bases<\/a>\u00a0<\/p>\n\n\n\n<h3 class=\"wp-block-heading\" id=\"h-premios-de-poesia-en-rrss-becquer-y-el-amor-en-60\">Premios de Poes\u00eda en RRSS B\u00e9cquer y el Amor en 60\u201d\u00a0<\/h3>\n\n\n\n<p>Edici\u00f3n (2026): 1\u00aa<\/p>\n\n\n\n<p>Convoca: Fundaci\u00f3n de los Ferrocarriles Espa\u00f1oles.&nbsp;<\/p>\n\n\n\n<p>Cl\u00e1usulas: poemas in\u00e9ditos de inspiraci\u00f3n rom\u00e1ntica, becqueriana, o interpretaciones de la Rima LIII de Gustavo Adolfo B\u00e9cquer a trav\u00e9s del formato v\u00eddeo vertical en TikTok o Instagram, que no supere los 60 segundos.<\/p>\n\n\n\n<p>Plazo de presentaci\u00f3n: hasta el 14 de febrero de 2026.\u00a0\u00a0\u00a0<\/p>\n\n\n\n<p>Cuant\u00eda premio: 3.000 euros, para el mejor poema in\u00e9dito de tem\u00e1tica rom\u00e1ntica y 2.000 euros, para la mejor interpretaci\u00f3n original de la Rima LIII de B\u00e9cquer.<\/p>\n\n\n\n<p><a href=\"https:\/\/www.ffe.es\/festivalbecquer\/\" target=\"_blank\" rel=\"noreferrer noopener\">Bases<\/a>&nbsp;<\/p>\n\n\n\n<h3 class=\"wp-block-heading\" id=\"h-premio-nacional-de-poesia-poeta-mario-lopez\">Premio Nacional de Poes\u00eda Poeta Mario L\u00f3pez\u00a0\u00a0\u00a0<\/h3>\n\n\n\n<p>Edici\u00f3n (2026): XXXIII&nbsp;<\/p>\n\n\n\n<p>Convoca: Ayuntamiento de Bujalance (C\u00f3rdoba) y el IES Mario L\u00f3pez.&nbsp;<\/p>\n\n\n\n<p>Cl\u00e1usulas: extensi\u00f3n entre 300 y 600 versos.\u00a0\u00a0\u00a0<\/p>\n\n\n\n<p>Plazo de presentaci\u00f3n: hasta el 15 de febrero de 2026.\u00a0\u00a0\u00a0<\/p>\n\n\n\n<p>Cuant\u00eda premio: 3.000 euros.&nbsp;<\/p>\n\n\n\n<p><a href=\"https:\/\/bujalance.es\/wp-content\/uploads\/2025\/11\/BasesCertamenPoesia2026_Bujalance.pdf\" target=\"_blank\" rel=\"noreferrer noopener\">Bases<\/a>&nbsp;<\/p>\n\n\n\n<h3 class=\"wp-block-heading\" id=\"h-premio-de-poesia-letraversal\">Premio de Poes\u00eda\u00a0Letraversal\u00a0<\/h3>\n\n\n\n<p>Edici\u00f3n (2026): III&nbsp;<\/p>\n\n\n\n<p>Convoca:&nbsp;Letraversal.&nbsp;<\/p>\n\n\n\n<p>Cl\u00e1usulas: sin l\u00edmite en su extensi\u00f3n, aunque se valorar\u00e1 su aproximaci\u00f3n a 500 versos.\u00a0\u00a0\u00a0<\/p>\n\n\n\n<p>Plazo de presentaci\u00f3n: hasta el 16 de febrero de 2026.\u00a0\u00a0\u00a0\u00a0<\/p>\n\n\n\n<p>Cuant\u00eda premio: 800 euros.&nbsp;<\/p>\n\n\n\n<p><a href=\"https:\/\/letraversal.com\/premio\/\" target=\"_blank\" rel=\"noreferrer noopener\">Bases<\/a>&nbsp;<\/p>\n\n\n\n<h3 class=\"wp-block-heading\" id=\"h-premio-nacional-de-poesia-acordes\">Premio Nacional de Poes\u00eda Acordes\u00a0<\/h3>\n\n\n\n<p>Edici\u00f3n (2026): XXXIV&nbsp;<\/p>\n\n\n\n<p>Convoca: Ayuntamiento de&nbsp;Espiel&nbsp;(C\u00f3rdoba).&nbsp;<\/p>\n\n\n\n<p>Cl\u00e1usulas: la extensi\u00f3n de las obras, de tem\u00e1tica libre, estar\u00e1 comprendida entre los 400 y los 600 versos.\u00a0\u00a0\u00a0<\/p>\n\n\n\n<p>Plazo de presentaci\u00f3n: hasta el 27 de febrero de 2026.\u00a0\u00a0\u00a0<\/p>\n\n\n\n<p>Cuant\u00eda premio: 1.200 euros.&nbsp;<\/p>\n\n\n\n<p><a href=\"https:\/\/www.finalescerrados.com\/p\/cl-xxxiv-premio-nacional-de-poesia_01150013947.html\" target=\"_blank\" rel=\"noreferrer noopener\">Bases<\/a>&nbsp;<\/p>\n\n\n\n<h3 class=\"wp-block-heading\" id=\"h-certamen-de-poesia-cristina-de-arteaga\">Certamen de Poes\u00eda Cristina de Arteaga\u00a0<\/h3>\n\n\n\n<p>Edici\u00f3n (2025): II\u00a0<\/p>\n\n\n\n<p>Convoca: Ayuntamiento de Tres Cantos (Madrid), Grupo Literario Encuentros y&nbsp;Bohod\u00f3n&nbsp;Ediciones.&nbsp;<\/p>\n\n\n\n<p>Cl\u00e1usulas: tema libre, extensi\u00f3n m\u00e1xima de 50 versos. Podr\u00e1n participar los residentes en la Comunidad de Madrid.\u00a0\u00a0\u00a0\u00a0<\/p>\n\n\n\n<p>Plazo de\u00a0presentaci\u00f3n: hasta el 28 de febrero de 2026.\u00a0\u00a0\u00a0<\/p>\n\n\n\n<p>Cuant\u00eda premio: Adultos: 700 euros (1\u00ba), 500 euros (2\u00ba) y 300 euros (3\u00ba).&nbsp;<\/p>\n\n\n\n<p><a href=\"https:\/\/www.universidadpopularc3c.es\/noticias\/premio-poesia-crist-arteaga\" target=\"_blank\" rel=\"noreferrer noopener\">Bases<\/a>&nbsp;<\/p>\n\n\n\n<h3 class=\"wp-block-heading\" id=\"h-premio-internacional-de-poesia-de-montejicar\">Premio Internacional de Poes\u00eda de\u00a0Montej\u00edcar\u00a0<\/h3>\n\n\n\n<p>Edici\u00f3n (2026): III&nbsp;<\/p>\n\n\n\n<p>Convoca: Ayuntamiento de&nbsp;Montej\u00edcar&nbsp;(Granada).&nbsp;<\/p>\n\n\n\n<p>Cl\u00e1usulas: modalidad local (residentes en\u00a0Montej\u00edcar) e Internacional (abierto). Tema libre y extensi\u00f3n entre 400 y 700 versos.\u00a0\u00a0\u00a0<\/p>\n\n\n\n<p>Plazo de presentaci\u00f3n: hasta el 28 de febrero de 2026.\u00a0\u00a0\u00a0\u00a0<\/p>\n\n\n\n<p>Cuant\u00eda premio: 400 euros.&nbsp;<\/p>\n\n\n\n<p><a href=\"https:\/\/en-clase.ideal.es\/abierto-el-plazo-de-presentacion-de-obras-al-iii-premio-internacional-de-poesia-de-montejicar-2026\/\" target=\"_blank\" rel=\"noreferrer noopener\">Bases<\/a>&nbsp;<\/p>\n\n\n\n<h2 class=\"wp-block-heading\" id=\"h-relato\">RELATO\u00a0<\/h2>\n\n\n\n<h3 class=\"wp-block-heading\" id=\"h-certamen-de-relatos-breves-8-de-marzo\">Certamen de Relatos Breves \u00ab8 de\u00a0Marzo\u00bb\u00a0<\/h3>\n\n\n\n<p>Edici\u00f3n (2026): XXX&nbsp;<\/p>\n\n\n\n<p>Convoca: Ayuntamiento de Navalmoral de la Mata (C\u00e1ceres).&nbsp;<\/p>\n\n\n\n<p>Cl\u00e1usulas: tema sobre la figura o experiencia de la mujer.\u00a0\u00a0\u00a0<\/p>\n\n\n\n<p>Plazo de presentaci\u00f3n: hasta el 2 de febrero de 2026.\u00a0\u00a0\u00a0<\/p>\n\n\n\n<p>Cuant\u00eda premio: 1.000 euros (1\u00ba) y 700 euros (2\u00ba).&nbsp;<\/p>\n\n\n\n<p><a href=\"https:\/\/www.aytonavalmoral.es\/2025\/11\/19\/el-ayuntamiento-abre-la-convocatoria-del-xxx-certamen-de-relatos-breves-8-de-marzo\/\" target=\"_blank\" rel=\"noreferrer noopener\">Bases<\/a>&nbsp;<\/p>\n\n\n\n<h3 class=\"wp-block-heading\" id=\"h-premio-internacional-de-cuento-las-dalias\">Premio Internacional de Cuento \u00abLas Dalias\u00bb<\/h3>\n\n\n\n<p>Edici\u00f3n (2026): IX&nbsp;<\/p>\n\n\n\n<p>Convoca: Las Dalias.&nbsp;<\/p>\n\n\n\n<p>Cl\u00e1usulas: extensi\u00f3n entre 500 y 1.000 palabras.\u00a0\u00a0\u00a0<\/p>\n\n\n\n<p>Plazo de presentaci\u00f3n: hasta el 15 de febrero de 2026.\u00a0\u00a0\u00a0\u00a0<\/p>\n\n\n\n<p>Cuant\u00eda premio: 3.000 euros.&nbsp;<\/p>\n\n\n\n<p><a href=\"https:\/\/lasdalias.es\/viewer?type=news&amp;id=149&amp;backto=\/news&amp;pid=56\" target=\"_blank\" rel=\"noreferrer noopener\">Bases<\/a>\u00a0<\/p>\n\n\n\n<h3 class=\"wp-block-heading\" id=\"h-certamen-de-narrativa-corta-villa-de-torrecampo\">Certamen de Narrativa Corta \u00abVilla de\u00a0Torrecampo\u00bb\u00a0<\/h3>\n\n\n\n<p>Edici\u00f3n (2026): XXVI&nbsp;<\/p>\n\n\n\n<p>Convoca: Ayuntamiento de&nbsp;Torrecampo&nbsp;(C\u00f3rdoba).&nbsp;<\/p>\n\n\n\n<p>Cl\u00e1usulas: tema libre, extensi\u00f3n m\u00e1xima de 20 folios.\u00a0\u00a0\u00a0<\/p>\n\n\n\n<p>Plazo de presentaci\u00f3n: hasta el 18 de febrero de 2026.\u00a0\u00a0\u00a0\u00a0<\/p>\n\n\n\n<p>Cuant\u00eda premio: 3.000 euros.&nbsp;<\/p>\n\n\n\n<p><a href=\"https:\/\/torrecampo.es\/wp-content\/uploads\/2025\/12\/Bases-XXVI-Certamen-de-Narrativa-Corta-Villa-de-Torrecampo.pdf\" target=\"_blank\" rel=\"noreferrer noopener\">Bases<\/a>\u00a0<\/p>\n\n\n\n<h3 class=\"wp-block-heading\" id=\"h-certamen-de-relatos-el-mundo-esferico\">Certamen de Relatos El Mundo Esf\u00e9rico\u00a0<\/h3>\n\n\n\n<p>Edici\u00f3n (2026): XXIII&nbsp;<\/p>\n\n\n\n<p>Convoca: IES Nicol\u00e1s Cop\u00e9rnico de \u00c9cija (Sevilla).&nbsp;<\/p>\n\n\n\n<p>Cl\u00e1usulas: dos modalidades: Internacional (cualquier persona mayor de edad podr\u00e1 participar) y Alumno. Los relatos tendr\u00e1n una extensi\u00f3n m\u00e1xima de 15 p\u00e1ginas.\u00a0\u00a0\u00a0<\/p>\n\n\n\n<p>Plazo de presentaci\u00f3n: hasta el 20 de febrero de 2026.\u00a0\u00a0\u00a0<\/p>\n\n\n\n<p>Cuant\u00eda premio: 500 euros (modalidad internacional).&nbsp;<\/p>\n\n\n\n<p><a href=\"https:\/\/mundoesferico.iesnicolascopernico.com\/edicion-actual\/\" target=\"_blank\" rel=\"noreferrer noopener\">Bases<\/a>&nbsp;<\/p>\n\n\n\n<h3 class=\"wp-block-heading\" id=\"h-premio-internacional-de-relatos-cortos-jose-nogales\">Premio Internacional de Relatos Cortos Jos\u00e9 Nogales\u00a0<\/h3>\n\n\n\n<p>Edici\u00f3n (2026): XXXI&nbsp;<\/p>\n\n\n\n<p>Convoca: Diputaci\u00f3n de Huelva.&nbsp;<\/p>\n\n\n\n<p>Cl\u00e1usulas: cada participante podr\u00e1 presentar un m\u00e1ximo de tres relatos cortos.\u00a0\u00a0\u00a0<\/p>\n\n\n\n<p>Plazo de presentaci\u00f3n: hasta el 26 de febrero de 2026.\u00a0\u00a0\u00a0<\/p>\n\n\n\n<p>Cuant\u00eda premio: 6.000 euros.&nbsp;<\/p>\n\n\n\n<p><a href=\"https:\/\/www.diphuelva.es\/prensa\/Diputacion-convoca-el-XXXI-Premio-Internacional-de-Relatos-Cortos-Jose-Nogales\/\" target=\"_blank\" rel=\"noreferrer noopener\">Bases<\/a>&nbsp;<\/p>\n\n\n\n<h3 class=\"wp-block-heading\" id=\"h-concurso-internacional-de-relato-corto-elena-soriano\">Concurso Internacional de Relato Corto Elena Soriano\u00a0<\/h3>\n\n\n\n<p>Edici\u00f3n (2026): XXVIII&nbsp;<\/p>\n\n\n\n<p>Convoca: Ayuntamiento de Suances (Cantabria).&nbsp;<\/p>\n\n\n\n<p>Cl\u00e1usulas: la extensi\u00f3n de los\u00a0originales ser\u00e1 de un m\u00e1ximo de 12 p\u00e1ginas.\u00a0\u00a0\u00a0<\/p>\n\n\n\n<p>Plazo de presentaci\u00f3n: hasta el 28 de febrero de 2026.\u00a0\u00a0\u00a0<\/p>\n\n\n\n<p>Cuant\u00eda premio: 3.000 euros (1\u00ba) y 1.500 euros (2\u00ba).&nbsp;<\/p>\n\n\n\n<p><a href=\"https:\/\/suances.es\/la-concejalia-de-cultura-publica-las-bases-para-la-nueva-edicion-del-concurso-internacional-de-relatos-cortos-elena-soriano\/\" target=\"_blank\" rel=\"noreferrer noopener\">Bases<\/a>&nbsp;<\/p>\n\n\n\n<h3 class=\"wp-block-heading\" id=\"h-concurso-literario-la-felguera\">Concurso Literario \u00abLa Felguera\u00bb\u00a0<\/h3>\n\n\n\n<p>Edici\u00f3n (2026): LXXVII&nbsp;<\/p>\n\n\n\n<p>Convoca: Sociedad de Festejos San Pedro.&nbsp;<\/p>\n\n\n\n<p>Cl\u00e1usulas: las narraciones tendr\u00e1n un m\u00ednimo de 6 p\u00e1ginas y un m\u00e1ximo de 8. Tema libre.\u00a0\u00a0\u00a0<\/p>\n\n\n\n<p>Plazo de presentaci\u00f3n: hasta el 28 de febrero de 2026.\u00a0\u00a0\u00a0<\/p>\n\n\n\n<p>Cuant\u00eda premio: 4.000 euros.&nbsp;<\/p>\n\n\n\n<p><a href=\"https:\/\/www.festejossanpedro.com\/wp-content\/uploads\/2025\/11\/BASES-CONCURSO-LITERARIO-2026.pdf\" target=\"_blank\" rel=\"noreferrer noopener\">Bases<\/a>\u00a0<\/p>\n\n\n\n<h3 class=\"wp-block-heading\" id=\"h-concurso-de-relatos-barbara-garcia\">Concurso de Relatos B\u00e1rbara Garc\u00eda\u00a0\u00a0\u00a0<\/h3>\n\n\n\n<p>Edici\u00f3n (2026): I&nbsp;<\/p>\n\n\n\n<p>Convoca: El Faro de Carre\u00f1o y Goz\u00f3n.&nbsp;<\/p>\n\n\n\n<p>Cl\u00e1usulas: tema relacionado con la medicina o la salud, desde cualquier mirada. Extensi\u00f3n entre 2 y 4 p\u00e1ginas.\u00a0\u00a0\u00a0<\/p>\n\n\n\n<p>Plazo de presentaci\u00f3n: hasta el 28 de febrero de 2026.\u00a0\u00a0\u00a0<\/p>\n\n\n\n<p>Cuant\u00eda premio: 500 euros.&nbsp;<\/p>\n\n\n\n<p><a href=\"https:\/\/pepabarrera.es\/2025\/11\/i-concurso-de-relatos-cortos-barbara-garcia\/\" target=\"_blank\" rel=\"noreferrer noopener\">Bases<\/a>&nbsp;<\/p>\n\n\n\n<h3 class=\"wp-block-heading\" id=\"h-certamen-de-relatos-pablo-de-olavide\">Certamen de Relatos Pablo de Olavide\u00a0<\/h3>\n\n\n\n<p>Edici\u00f3n (2026): XV\u00a0<\/p>\n\n\n\n<p>Convoca: Ayuntamiento de La Luisiana (Sevilla).&nbsp;<\/p>\n\n\n\n<p>Cl\u00e1usulas: tema libre y extensi\u00f3n m\u00e1xima de 15 folios.\u00a0\u00a0\u00a0<\/p>\n\n\n\n<p>Plazo de presentaci\u00f3n: hasta el 28 de febrero de 2026.\u00a0\u00a0\u00a0<\/p>\n\n\n\n<p>Cuant\u00eda premio: 1.500 euros (1\u00ba) y 500 euros (2\u00ba).&nbsp;<\/p>\n\n\n\n<p><a href=\"https:\/\/www.facebook.com\/100064926510173\/posts\/xv-edici%C3%B3n-del-certamen-de-relatos-pablo-de-olavidela-luisiana-2025el-ayuntamien\/1269172598590279\/\" target=\"_blank\" rel=\"noreferrer noopener\">Bases<\/a>&nbsp;<\/p>\n\n\n\n<h3 class=\"wp-block-heading\" id=\"h-concurso-de-cuentos-villa-de-mazarron-antonio-segado-del-olmo\">Concurso de Cuentos Villa de Mazarr\u00f3n \u2013 Antonio Segado del Olmo\u00a0<\/h3>\n\n\n\n<p>Edici\u00f3n (2026): XLII&nbsp;<\/p>\n\n\n\n<p>Convoca: Ayuntamiento de Mazarr\u00f3n (Murcia) y Universidad Popular de Mazarr\u00f3n.&nbsp;<\/p>\n\n\n\n<p>Cl\u00e1usulas: la extensi\u00f3n m\u00e1xima ser\u00e1 de ocho folios.\u00a0\u00a0\u00a0<\/p>\n\n\n\n<p>Plazo de presentaci\u00f3n: hasta el 28 de febrero de 2026.\u00a0\u00a0\u00a0<\/p>\n\n\n\n<p>Cuant\u00eda premio: 5.000 euros&nbsp;(1\u00ba) y 3.000 euros (acc\u00e9sit).&nbsp;<\/p>\n\n\n\n<p><a href=\"https:\/\/www.upmazarron.es\/wp-content\/uploads\/2025\/11\/Montaje-de-bases-para-Web.pdf\" target=\"_blank\" rel=\"noreferrer noopener\">Bases<\/a>&nbsp;<\/p>\n\n\n\n<h3 class=\"wp-block-heading\" id=\"h-certamen-literario-alvarez-tendero-premio-arjona\">Certamen Literario \u00c1lvarez Tendero \u2013 Premio Arjona\u00a0<\/h3>\n\n\n\n<p>Edici\u00f3n (2026): XXXVIII&nbsp;<\/p>\n\n\n\n<p>Convoca: Ayuntamiento de Arjona (Ja\u00e9n).&nbsp;<\/p>\n\n\n\n<p>Cl\u00e1usulas: tema libre y extensi\u00f3n m\u00ednima de 7 p\u00e1ginas y m\u00e1xima de 8.\u00a0\u00a0\u00a0<\/p>\n\n\n\n<p>Plazo de presentaci\u00f3n: hasta el 28 de febrero de 2026.\u00a0\u00a0\u00a0<\/p>\n\n\n\n<p>Cuant\u00eda premio: 2.000 euros (1\u00ba) y 1.000 euros (acc\u00e9sit).&nbsp;<\/p>\n\n\n\n<p><a href=\"https:\/\/arjona.es\/wp-content\/uploads\/2025\/12\/BASES-CERTAMEN-LITERARIO-2026-5.pdf\" target=\"_blank\" rel=\"noreferrer noopener\">Bases<\/a>&nbsp;<\/p>\n\n\n\n<h2 class=\"wp-block-heading\" id=\"h-otras-narrativas\">OTRAS NARRATIVAS\u00a0<\/h2>\n\n\n\n<h3 class=\"wp-block-heading\" id=\"h-beca-literaria-bodegas-olarra-amp-cafe-breton\">Beca Literaria Bodegas Olarra &amp; Caf\u00e9 Bret\u00f3n\u00a0<\/h3>\n\n\n\n<p>Categor\u00eda: No ficci\u00f3n (cr\u00f3nica, reportaje, ensayo&#8230;).&nbsp;<\/p>\n\n\n\n<p>Edici\u00f3n (2026): XXXII&nbsp;<\/p>\n\n\n\n<p>Convoca: Caf\u00e9 Bret\u00f3n &amp; Bodegas Olarra.&nbsp;<\/p>\n\n\n\n<p>Cl\u00e1usulas: trabajos de no ficci\u00f3n que busquen la reflexi\u00f3n y el debate. Se deber\u00e1n presentar dos folios explicando el proyecto, diez del arranque del texto y una copia con un esbozo de la obra.\u00a0\u00a0\u00a0<\/p>\n\n\n\n<p>Plazo de presentaci\u00f3n: hasta el 13 de febrero de 2026.\u00a0\u00a0\u00a0<\/p>\n\n\n\n<p>Cuant\u00eda premio: 7.000 euros.&nbsp;<\/p>\n\n\n\n<p><a href=\"https:\/\/www.grupobodegasolarra.com\/wp-content\/uploads\/2025\/12\/Premio-Olarra-Breton-Bases.pdf\" target=\"_blank\" rel=\"noreferrer noopener\">Bases<\/a>&nbsp;<\/p>\n\n\n\n<h3 class=\"wp-block-heading\" id=\"h-premios-internacionales-de-literatura-gastronomica-roca-awards\">Premios Internacionales de Literatura Gastron\u00f3mica Roca\u00a0Awards\u00a0<\/h3>\n\n\n\n<p>Edici\u00f3n (2026): 2\u00aa&nbsp;<\/p>\n\n\n\n<p>Convoca: Editorial Planeta (Planeta Gastro).&nbsp;<\/p>\n\n\n\n<p>Cl\u00e1usulas: tres categor\u00edas: mejor obra publicada, mejor trabajo de periodismo y mejor obra gastron\u00f3mica in\u00e9dita (extensi\u00f3n m\u00ednima 150 p\u00e1ginas).\u00a0\u00a0\u00a0<\/p>\n\n\n\n<p>Plazo de presentaci\u00f3n: hasta el 28 de febrero de 2026.\u00a0\u00a0\u00a0\u00a0<\/p>\n\n\n\n<p>Cuant\u00eda premio: 7.000 euros (obra publicada), 1.500 euros (periodismo) y 3.000 euros (obra in\u00e9dita).&nbsp;<\/p>\n\n\n\n<p><a href=\"https:\/\/rocaawards.com\/wp-content\/uploads\/2025\/09\/Bases-Roca-Awards-CAST.pdf\" target=\"_blank\" rel=\"noreferrer noopener\">Bases<\/a>&nbsp;<\/p>\n\n\n\n<h2 class=\"wp-block-heading\" id=\"h-teatro\">TEATRO\u00a0<\/h2>\n\n\n\n<h3 class=\"wp-block-heading\" id=\"h-premio-de-teatro-breve-miguel-hernandez\">Premio de Teatro Breve \u00abMiguel Hern\u00e1ndez\u00bb\u00a0<\/h3>\n\n\n\n<p>Edici\u00f3n (2026): XI&nbsp;<\/p>\n\n\n\n<p>Convoca: Asociaciones Foro Social de Orihuela y Teatro Expresi\u00f3n de Orihuela.&nbsp;<\/p>\n\n\n\n<p>Cl\u00e1usulas: los textos no podr\u00e1n superar las 10 p\u00e1ginas o los 15 minutos de duraci\u00f3n.\u00a0\u00a0\u00a0<\/p>\n\n\n\n<p>Plazo de presentaci\u00f3n: hasta el 14 de febrero de 2026.\u00a0\u00a0\u00a0<\/p>\n\n\n\n<p>Cuant\u00eda premio: 250 euros.&nbsp;<\/p>\n\n\n\n<p><a href=\"http:\/\/www.fsorihuela.es\/activreal\/2025\/10_30_XI_TB_Convoc\/2026_bases_XI_TB.htm\" target=\"_blank\" rel=\"noreferrer noopener\">Bases<\/a>\u00a0<\/p>\n\n\n\n<h3 class=\"wp-block-heading\" id=\"h-premio-de-textos-teatrales-jesus-dominguez\">Premio de Textos Teatrales Jes\u00fas Dom\u00ednguez\u00a0<\/h3>\n\n\n\n<p>Edici\u00f3n (2026): XVI&nbsp;<\/p>\n\n\n\n<p>Convoca: Diputaci\u00f3n Provincial de Huelva.&nbsp;<\/p>\n\n\n\n<p>Cl\u00e1usulas: textos teatrales originales, de tema libre y escritos en lengua castellana.\u00a0\u00a0\u00a0<\/p>\n\n\n\n<p>Plazo de presentaci\u00f3n: hasta el 17 de febrero de 2026.\u00a0\u00a0\u00a0<\/p>\n\n\n\n<p>Cuant\u00eda premio: 6.000 euros.&nbsp;<\/p>\n\n\n\n<p><a href=\"https:\/\/www.diphuelva.es\/prensa\/La-Diputacion-de-Huelva-convoca-el-XVI-Premio-de-Textos-Teatrales-Jesus-Dominguez-cuya-dotacion-se-eleva-a-6.000-euros\/\" target=\"_blank\" rel=\"noreferrer noopener\">Bases<\/a>&nbsp;<\/p>\n\n\n\n<h2 class=\"wp-block-heading\" id=\"h-pintura-y-otras-artes-plasticas\">PINTURA Y OTRAS ARTES PL\u00c1STICAS\u00a0<\/h2>\n\n\n\n<h3 class=\"wp-block-heading\" id=\"h-certamen-cultural-inclusivo-afas-2026\">Certamen Cultural Inclusivo \u00abAFAS 2026\u00bb\u00a0<\/h3>\n\n\n\n<p>Categor\u00eda: Pintura.&nbsp;<\/p>\n\n\n\n<p>Edici\u00f3n (2026): I&nbsp;<\/p>\n\n\n\n<p>Convoca: Asociaci\u00f3n de Familiares y Amigos de Personas con Discapacidad (AFAS).&nbsp;<\/p>\n\n\n\n<p>Cl\u00e1usulas: tema y t\u00e9cnica libres. Podr\u00e1n participar artistas de cualquier nacionalidad, con o sin discapacidad.\u00a0<\/p>\n\n\n\n<p>Plazo de presentaci\u00f3n: hasta el 7 de febrero de 2026.\u00a0\u00a0\u00a0<\/p>\n\n\n\n<p>Cuant\u00eda premio: 17.000 euros.&nbsp;<\/p>\n\n\n\n<p><a href=\"https:\/\/mundoarti.com\/concursos\/CGS3060\/i-certamen-cultural-inclusivo-afas-2026\/\" target=\"_blank\" rel=\"noreferrer noopener\">Bases<\/a>&nbsp;<\/p>\n\n\n\n<h3 class=\"wp-block-heading\" id=\"h-certamen-de-ilustracion-para-la-imagen-de-liber-2026\">Certamen de Ilustraci\u00f3n para la imagen de Liber 2026\u00a0<\/h3>\n\n\n\n<p>Edici\u00f3n (2026): &#8211;&nbsp;<\/p>\n\n\n\n<p>Convoca:&nbsp;Fira&nbsp;de Barcelona.&nbsp;<\/p>\n\n\n\n<p>Cl\u00e1usulas: dise\u00f1os que pongan en valor el mundo del libro y la lectura. Deber\u00e1 presentarse un dossier con hasta cinco trabajos anteriores que reflejen el estilo del autor. En una segunda fase, un comit\u00e9 evaluar\u00e1 los\u00a0portfolios\u00a0y seleccionar\u00e1 a tres finalistas.\u00a0\u00a0\u00a0\u00a0\u00a0<\/p>\n\n\n\n<p>Plazo de presentaci\u00f3n: hasta el 20 de febrero de 2026.\u00a0\u00a0\u00a0\u00a0<\/p>\n\n\n\n<p>Cuant\u00eda premio: 600 euros.&nbsp;<\/p>\n\n\n\n<p><a href=\"https:\/\/www.firabarcelona.com\/es\/nota-prensa\/liber_s040\/liber-convoca-un-certamen-de-ilustracion-para-crear-el-cartel-de-su-proxima-edicion\/\" target=\"_blank\" rel=\"noreferrer noopener\">Bases<\/a>&nbsp;<\/p>\n\n\n\n<h3 class=\"wp-block-heading\" id=\"h-concurso-internacional-de-arte-contemporaneo-urbano-eco-art\">Concurso Internacional de Arte Contempor\u00e1neo Urbano \u00abECO-Art\u00bb<\/h3>\n\n\n\n<p>Edici\u00f3n (2026): I&nbsp;<\/p>\n\n\n\n<p>Convoca: AEDAS&nbsp;Homes.&nbsp;<\/p>\n\n\n\n<p>Cl\u00e1usulas: pieza art\u00edstica de arte contempor\u00e1neo, de disciplina libre (escultura, pintura, instalaci\u00f3n&#8230;) y en la que los materiales sean reciclados, dialoguen y se comprometan con el tema de la sostenibilidad, los mares, la costa&#8230;\u00a0\u00a0\u00a0<\/p>\n\n\n\n<p>Plazo de presentaci\u00f3n: hasta el 20 de febrero de 2026.\u00a0\u00a0\u00a0\u00a0<\/p>\n\n\n\n<p>Cuant\u00eda premio: 6.000 euros (1\u00ba), 3.000 euros (2\u00ba) y 1.500 euros (3\u00ba).&nbsp;<\/p>\n\n\n\n<p><a href=\"https:\/\/www.aedashomes.com\/ecoart\" target=\"_blank\" rel=\"noreferrer noopener\">Bases<\/a>\u00a0<\/p>\n\n\n\n<h3 class=\"wp-block-heading\" id=\"h-certamen-fundacion-unicaja-de-artes-plasticas\">Certamen Fundaci\u00f3n Unicaja de Artes Pl\u00e1sticas\u00a0\u00a0\u00a0<\/h3>\n\n\n\n<p>Edici\u00f3n (2026): XVI&nbsp;<\/p>\n\n\n\n<p>Convoca: Fundaci\u00f3n Unicaja.&nbsp;<\/p>\n\n\n\n<p>Cl\u00e1usulas: tema y t\u00e9cnica libres.\u00a0\u00a0\u00a0<\/p>\n\n\n\n<p>Plazo de presentaci\u00f3n: hasta el 23 de febrero de 2026.\u00a0\u00a0\u00a0\u00a0<\/p>\n\n\n\n<p>Cuant\u00eda premio: 80.000 euros.&nbsp;<\/p>\n\n\n\n<p><a href=\"https:\/\/www.fundacionunicaja.com\/wp-content\/uploads\/2025\/11\/Bases-XVI-Certamen-de-Artes-Plasticas.pdf\" target=\"_blank\" rel=\"noreferrer noopener\">Bases<\/a>&nbsp;<\/p>\n\n\n\n<h3 class=\"wp-block-heading\" id=\"h-concurso-de-artes-plasticas-dcoop-2026\">Concurso de Artes Pl\u00e1sticas\u00a0Dcoop\u00a02026\u00a0<\/h3>\n\n\n\n<p>Edici\u00f3n (2026): XII&nbsp;<\/p>\n\n\n\n<p>Convoca:&nbsp;Dcoop&nbsp;Sociedad Cooperativa Andaluza.&nbsp;<\/p>\n\n\n\n<p>Cl\u00e1usulas: tres categor\u00edas: pintura, escultura y grabado art\u00edstico. Tema libre, aunque el jurado podr\u00e1 tener en cuenta la tem\u00e1tica relacionada con las actividades que desarrolla\u00a0Dcoop.\u00a0\u00a0\u00a0<\/p>\n\n\n\n<p>Plazo de presentaci\u00f3n: hasta el 28 de febrero de 2026.\u00a0\u00a0\u00a0<\/p>\n\n\n\n<p>Cuant\u00eda premio: 3.500 euros (pintura), 3.500 euros (escultura) y 4.000 euros (grabado).&nbsp;<\/p>\n\n\n\n<p><a href=\"https:\/\/www.dcoop.es\/actualidad\/abierta-la-convocatoria-para-participar-en-el-xii-concurso-de-artes-plasticas-dcoop-2026\" target=\"_blank\" rel=\"noreferrer noopener\">Bases<\/a>&nbsp;<\/p>\n\n\n\n<h2 class=\"wp-block-heading\" id=\"h-varias-categorias\">VARIAS CATEGOR\u00cdAS\u00a0<\/h2>\n\n\n\n<h3 class=\"wp-block-heading\" id=\"h-premio-de-creacion-literaria-de-la-universidad-de-cadiz\">Premio de Creaci\u00f3n Literaria de la Universidad de C\u00e1diz\u00a0<\/h3>\n\n\n\n<p>Categor\u00eda: Relato, poes\u00eda, microrrelato.&nbsp;<\/p>\n\n\n\n<p>Edici\u00f3n (2026): XXXVI&nbsp;<\/p>\n\n\n\n<p>Convoca: Servicio de Extensi\u00f3n Universitaria del Vicerrectorado de Sostenibilidad y Cultura de la&nbsp;Universidad de C\u00e1diz.&nbsp;<\/p>\n\n\n\n<p>Cl\u00e1usulas: extensi\u00f3n modalidad narrativa y poes\u00eda: entre 3 y 8 folios; poes\u00eda; microrrelato: m\u00e1ximo 100 palabras.\u00a0\u00a0\u00a0\u00a0\u00a0<\/p>\n\n\n\n<p>Plazo de presentaci\u00f3n: hasta el 8 de febrero de 2026.\u00a0\u00a0\u00a0<\/p>\n\n\n\n<p>Cuant\u00eda premio: 500 euros (narrativa), 500 euros (poes\u00eda) y 150 euros (microrrelato).\u00a0<\/p>\n\n\n\n<p><a href=\"https:\/\/eventos.uca.es\/145792\/detail\/xxxvi-premio-de-creacion-literaria-de-la-universidad-de-cadiz.html\" target=\"_blank\" rel=\"noreferrer noopener\">Bases<\/a>&nbsp;<\/p>\n\n\n\n<h3 class=\"wp-block-heading\" id=\"h-certamen-de-creacion-joven-artistas-emergentes-2026\">Certamen de Creaci\u00f3n Joven <em>Artistas Emergentes 2026<\/em><\/h3>\n\n\n\n<p>Categor\u00eda: Pintura, escultura y fotograf\u00eda.&nbsp;<\/p>\n\n\n\n<p>Edici\u00f3n (2026): VIII&nbsp;<\/p>\n\n\n\n<p>Convoca:&nbsp;Universidad Loyola Andaluc\u00eda.&nbsp;<\/p>\n\n\n\n<p>Cl\u00e1usulas: artistas menores de 35 a\u00f1os. Categor\u00edas pintura, escultura y fotograf\u00eda. Tem\u00e1tica contempor\u00e1nea que explore la realidad a trav\u00e9s de conceptos como las fronteras, la justicia social o los l\u00edmites humanos.\u00a0\u00a0\u00a0<\/p>\n\n\n\n<p>Plazo de presentaci\u00f3n: hasta el 28 de febrero de 2026.\u00a0\u00a0\u00a0\u00a0<\/p>\n\n\n\n<p>Cuant\u00eda premio: 600 euros en cada categor\u00eda y Gran Premio Rector de 1.200 euros.&nbsp;<\/p>\n\n\n\n<p><a href=\"https:\/\/www.uloyola.es\/ftp\/gestor\/Cultura\/Bases_del_VIII_Certamen_artistas_emergentes_2026.pdf\" target=\"_blank\" rel=\"noreferrer noopener\">Bases<\/a>&nbsp;<\/p>\n\n\n\n<h2 class=\"wp-block-heading\" id=\"h-fotografia\">FOTOGRAF\u00cdA\u00a0<\/h2>\n\n\n\n<h3 class=\"wp-block-heading\" id=\"h-premio-joan-balaguer-mulet\">Premio Joan Balaguer Mulet\u00a0<\/h3>\n\n\n\n<p>Edici\u00f3n (2026): 25\u00aa&nbsp;<\/p>\n\n\n\n<p>Convoca: Ayuntamiento de Algaida (Mallorca).&nbsp;<\/p>\n\n\n\n<p>Cl\u00e1usulas: tama\u00f1o fotograf\u00edas: entre 1.000 y 3.000 p\u00edxeles m\u00e1ximo en sus lados.\u00a0\u00a0\u00a0<\/p>\n\n\n\n<p>Plazo de presentaci\u00f3n: hasta el 2 de febrero de 2026.\u00a0\u00a0\u00a0\u00a0<\/p>\n\n\n\n<p>Cuant\u00eda premio: 800 euros.&nbsp;<\/p>\n\n\n\n<p><a href=\"https:\/\/www.premiscastellitx.cat\/DOCS\/usr_5781389472978.pdf\" target=\"_blank\" rel=\"noreferrer noopener\">Bases<\/a>&nbsp;<\/p>\n\n\n\n<h3 class=\"wp-block-heading\" id=\"h-concurso-de-fotografia-dones-2026\">Concurso de Fotograf\u00eda Dones 2026\u00a0<\/h3>\n\n\n\n<p>Edici\u00f3n (2026): XIX&nbsp;<\/p>\n\n\n\n<p>Convoca: Ayuntamiento de Pe\u00f1\u00edscola (Castell\u00f3n).&nbsp;<\/p>\n\n\n\n<p>Cl\u00e1usulas: el objetivo es dar visibilidad y revalorizar la aportaci\u00f3n de las mujeres en la actualidad, concienciar y fomentar el cambio de valores y eliminar los estereotipos de g\u00e9nero.\u00a0\u00a0\u00a0<\/p>\n\n\n\n<p>Plazo de presentaci\u00f3n: hasta el 16 de febrero de 2026.\u00a0\u00a0\u00a0\u00a0<\/p>\n\n\n\n<p>Cuant\u00eda premio: 300 euros (1\u00ba), 200 euros (2\u00ba) y 100 euros (3\u00ba).<\/p>\n\n\n\n<p><a href=\"https:\/\/mundoarti.com\/concursos\/CEN7495\/xix-concurso-de-fotografia-dones-2026\/\" target=\"_blank\" rel=\"noreferrer noopener\">Bases<\/a>&nbsp;<\/p>\n\n\n\n<h3 class=\"wp-block-heading\" id=\"h-concurso-de-fotografia-sin-barreras-2025\">Concurso de Fotograf\u00eda \u00abSin Barreras 2025\u00bb\u00a0<\/h3>\n\n\n\n<p>Edici\u00f3n (2025): XI\u00a0<\/p>\n\n\n\n<p>Convoca: Asociaci\u00f3n para la Atenci\u00f3n y la Integraci\u00f3n Social de las Personas con Discapacidad F\u00edsica de Extremadura (Apamex).&nbsp;<\/p>\n\n\n\n<p>Cl\u00e1usulas: im\u00e1genes que plasmen situaciones y actividades que facilitan la plena accesibilidad universal de los ciudadanos en los \u00e1mbitos de la vida social, cultural y laboral.\u00a0\u00a0\u00a0<\/p>\n\n\n\n<p>Plazo de presentaci\u00f3n: hasta el 16 de febrero de 2026.\u00a0\u00a0\u00a0\u00a0<\/p>\n\n\n\n<p>Cuant\u00eda premio: 1.500 euros (1\u00ba,&nbsp;fotograf\u00eda de Badajoz) y tres premios de 500 euros (2\u00ba, 3\u00ba y 4\u00ba).&nbsp;<\/p>\n\n\n\n<p><a href=\"https:\/\/imot.dip-badajoz.es\/storage\/media\/SinBarreras\/2025\/bases2025.pdf\" target=\"_blank\" rel=\"noreferrer noopener\">Bases<\/a>\u00a0<\/p>\n","protected":false},"excerpt":{"rendered":"<p>A continuaci\u00f3n,\u00a0os damos\u00a0todas las claves de los 38 concursos cuyo plazo de presentaci\u00f3n concluye en febrero de 2026.\u00a0<\/p>\n","protected":false},"author":29,"featured_media":14278,"comment_status":"open","ping_status":"open","sticky":false,"template":"","format":"standard","meta":{"_acf_changed":false,"footnotes":""},"categories":[290,47],"tags":[231],"class_list":{"0":"post-14273","1":"post","2":"type-post","3":"status-publish","4":"format-standard","5":"has-post-thumbnail","7":"category-agenda-de-concursos","8":"category-lo-mas-destacado","9":"tag-concursos"},"acf":[],"_links":{"self":[{"href":"https:\/\/www.safecreative.org\/tips\/es\/wp-json\/wp\/v2\/posts\/14273","targetHints":{"allow":["GET"]}}],"collection":[{"href":"https:\/\/www.safecreative.org\/tips\/es\/wp-json\/wp\/v2\/posts"}],"about":[{"href":"https:\/\/www.safecreative.org\/tips\/es\/wp-json\/wp\/v2\/types\/post"}],"author":[{"embeddable":true,"href":"https:\/\/www.safecreative.org\/tips\/es\/wp-json\/wp\/v2\/users\/29"}],"replies":[{"embeddable":true,"href":"https:\/\/www.safecreative.org\/tips\/es\/wp-json\/wp\/v2\/comments?post=14273"}],"version-history":[{"count":13,"href":"https:\/\/www.safecreative.org\/tips\/es\/wp-json\/wp\/v2\/posts\/14273\/revisions"}],"predecessor-version":[{"id":14596,"href":"https:\/\/www.safecreative.org\/tips\/es\/wp-json\/wp\/v2\/posts\/14273\/revisions\/14596"}],"wp:featuredmedia":[{"embeddable":true,"href":"https:\/\/www.safecreative.org\/tips\/es\/wp-json\/wp\/v2\/media\/14278"}],"wp:attachment":[{"href":"https:\/\/www.safecreative.org\/tips\/es\/wp-json\/wp\/v2\/media?parent=14273"}],"wp:term":[{"taxonomy":"category","embeddable":true,"href":"https:\/\/www.safecreative.org\/tips\/es\/wp-json\/wp\/v2\/categories?post=14273"},{"taxonomy":"post_tag","embeddable":true,"href":"https:\/\/www.safecreative.org\/tips\/es\/wp-json\/wp\/v2\/tags?post=14273"}],"curies":[{"name":"wp","href":"https:\/\/api.w.org\/{rel}","templated":true}]}}