{"id":14113,"date":"2026-01-12T08:00:00","date_gmt":"2026-01-12T07:00:00","guid":{"rendered":"https:\/\/www.safecreative.org\/tips\/es\/?p=14113"},"modified":"2026-01-14T12:18:22","modified_gmt":"2026-01-14T11:18:22","slug":"alvear-gana-el-litigio-a-freixenet-por-el-uso-de-la-marca-c-b-en-europa","status":"publish","type":"post","link":"https:\/\/www.safecreative.org\/tips\/es\/alvear-gana-el-litigio-a-freixenet-por-el-uso-de-la-marca-c-b-en-europa\/","title":{"rendered":"Alvear gana\u00a0el litigio a\u00a0Freixenet\u00a0por el uso de la marca C.B. en Europa"},"content":{"rendered":"\n<p>El Tribunal General de la Uni\u00f3n Europea&nbsp;(TGUE)&nbsp;ha&nbsp;fallado&nbsp;a favor de&nbsp;Bodegas Alvear frente a Freixenet&nbsp;en el&nbsp;conflicto&nbsp;por el registro de un logotipo con las siglas C.B.&nbsp;para vinos espumosos. El \u00f3rgano judicial ha confirmado&nbsp;la resoluci\u00f3n&nbsp;por&nbsp;\u00abriesgo de confusi\u00f3n\u00bb emitida por&nbsp;la&nbsp;Oficina de Propiedad Intelectual de la Uni\u00f3n Europea (EUIPO)&nbsp;debido a la similitud gr\u00e1fica e identidad fon\u00e9tica&nbsp;que existe&nbsp;con&nbsp;una&nbsp;marca anterior de la bodega cordobesa.&nbsp;<\/p>\n\n\n\n<h2 class=\"wp-block-heading\" id=\"h-confusion-con-marca-previa\">Confusi\u00f3n con marca previa\u00a0<\/h2>\n\n\n\n<p>Dos letras han enfrentado durante tres a\u00f1os a una de las bodegas m\u00e1s antiguas de Espa\u00f1a con&nbsp;el&nbsp;gigante del cava&nbsp;que, en mayo de 2022,&nbsp;solicit\u00f3 registrar este logotipo como marca de la Uni\u00f3n Europea (UE). Meses despu\u00e9s, Bodegas Alvear&nbsp;se opuso al&nbsp;considerar&nbsp;que pod\u00eda&nbsp;\u00abconfundirse con su marca denominativa espa\u00f1ola anterior C.B. registrada para vinos, espirituosos y licores\u00bb, informa&nbsp;<a href=\"https:\/\/www.eldiadecordoba.es\/provincia\/bodegas-alvear-freixenet-justicia-marca_0_2005481224.html\" target=\"_blank\" rel=\"noreferrer noopener\">Diario de C\u00f3rdoba<\/a>.&nbsp;Tras analizar el caso, la EUIPO&nbsp;deneg\u00f3 el registro&nbsp;y Freixenet recurri\u00f3 la decisi\u00f3n. A&nbsp;principios&nbsp;de 2025, la oficina europea&nbsp;volvi\u00f3 a&nbsp;rechazar sus argumentos ratificando el&nbsp;riesgo de confusi\u00f3n&nbsp;y el grupo catal\u00e1n decidi\u00f3 acudir a la justicia europea.&nbsp;<\/p>\n\n\n\n<h2 class=\"wp-block-heading\" id=\"h-uso-real-y-efectivo-de-la-marca\">Uso real y efectivo de la marca\u00a0<\/h2>\n\n\n\n<p>Ahora, el\u00a0TGUE ha avalado\u00a0el criterio seguido por la\u00a0EUIPO. El\u00a0meollo\u00a0de la sentencia est\u00e1 en la apreciaci\u00f3n del riesgo de confusi\u00f3n\u00a0desde la perspectiva del\u00a0\u00abconsumidor medio\u00bb, se\u00f1ala\u00a0<a href=\"https:\/\/www.lavanguardia.com\/dinero\/20251217\/11371344\/freixenet-tribunal-ue-condena-derecho-marca.html\" target=\"_blank\" rel=\"noreferrer noopener\">La Vanguardia<\/a>.\u00a0El\u00a0tribunal\u00a0considera \u00abcorrecta\u00bb la actuaci\u00f3n de la\u00a0oficina\u00a0comunitaria\u00a0al\u00a0analizar\u00a0de forma conjunta\u00a0el uso real y efectivo de la marca C.B. por parte de Alvear,\u00a0\u00abla\u00a0similitud\u00a0de los signos\u00bb\u00a0en conflicto\u00a0y\u00a0\u00abla identidad de los productos\u00bb\u00a0a los que se aplican.\u00a0<\/p>\n\n\n\n<p>Adem\u00e1s, el tribunal ha rechazado la alegaci\u00f3n de Freixenet\u00a0de\u00a0que Alvear utilizaba la marca solo para \u00abvino fino\u00bb y no para vinos espumosos.\u00a0En el fallo,\u00a0se\u00f1ala que\u00a0el vino fino no\u00a0es\u00a0una\u00a0\u00absubcategor\u00eda aut\u00f3noma\u00bb\u00a0y que los vinos espumosos\u00a0forman parte de\u00a0la categor\u00eda\u00a0general de los vinos, lo que aumenta la probabilidad de\u00a0confusi\u00f3n en el mercado.\u00a0<\/p>\n\n\n\n<h2 class=\"wp-block-heading\" id=\"h-gran-semejanza-grafica-y-fonetica\">Gran semejanza\u00a0gr\u00e1fica y fon\u00e9tica\u00a0<\/h2>\n\n\n\n<p>El veredicto&nbsp;ratifica&nbsp;tambi\u00e9n que las marcas&nbsp;muestran&nbsp;un \u00abalto grado de similitud gr\u00e1fica&nbsp;y&nbsp;resultan&nbsp;id\u00e9nticas&nbsp;desde el punto de vista fon\u00e9tico\u00bb,&nbsp;indica&nbsp;<a href=\"https:\/\/www.europapress.es\/catalunya\/noticia-tjue-falla-freixenet-no-puede-usar-logotipo-cb-confusion-marca-similar-20251217131135.html\" target=\"_blank\" rel=\"noreferrer noopener\">Europa Press<\/a>,&nbsp;sin que&nbsp;pueda apreciarse una diferenciaci\u00f3n conceptual clara entre ellas. Asimismo,&nbsp;el tribunal considera&nbsp;probado&nbsp;que las variaciones gr\u00e1ficas utilizadas por&nbsp;Alvear&nbsp;respecto a la forma&nbsp;original&nbsp;registrada \u00abno&nbsp;alteran&nbsp;el car\u00e1cter distintivo\u00bb, destaca La Vanguardia. As\u00ed,&nbsp;desmonta&nbsp;otro&nbsp;de los&nbsp;argumentos&nbsp;de&nbsp;Freixenet&nbsp;para que se aceptara la solicitud del registro.&nbsp;<\/p>\n\n\n\n<h2 class=\"wp-block-heading\" id=\"h-precedente-juridico-relevante\">Precedente jur\u00eddico relevante\u00a0<\/h2>\n\n\n\n<p>La&nbsp;decisi\u00f3n sienta&nbsp;un&nbsp;precedente&nbsp;jur\u00eddico&nbsp;en la protecci\u00f3n de signos breves dentro del sector vitivin\u00edcola. Para&nbsp;Inmaculada de la Haza, socia del bufete Balder,&nbsp;este litigio \u00abva m\u00e1s all\u00e1 de una confrontaci\u00f3n est\u00e1ndar de marcas\u00bb, recoge&nbsp;<a href=\"https:\/\/www.expansion.com\/juridico\/sentencias\/2025\/12\/17\/6942b648468aeb06658b45b7.html\" target=\"_blank\" rel=\"noreferrer noopener\">Expansi\u00f3n<\/a>. En su opini\u00f3n, la justicia europea est\u00e1&nbsp;otorgando&nbsp;\u00abun campo de exclusividad muy amplio a las marcas constituidas por dos letras\u00bb, incluso cuando existen diferencias gr\u00e1ficas&nbsp;menores.&nbsp;No obstante, el abogado de PONS IP, Jaume&nbsp;Mourisco,&nbsp;recuerda&nbsp;en declaraciones a La Vanguardia que&nbsp;Freixenet&nbsp;a\u00fan puede recurrir la sentencia ante el Tribunal de Justicia de la UE (TJUE),&nbsp;si bien, de&nbsp;momento,&nbsp;la compa\u00f1\u00eda&nbsp;no se ha pronunciado.&nbsp;<\/p>\n\n\n\n<p>El fallo tambi\u00e9n pone en valor&nbsp;el peso hist\u00f3rico&nbsp;de&nbsp;la marca C.B. en&nbsp;Bodegas&nbsp;Alvear. Estas siglas, seg\u00fan el Diario de C\u00f3rdoba, corresponden al&nbsp;Capataz&nbsp;Billanueva, hombre de confianza de Diego de Alvear y Ponce de Le\u00f3n, nieto del fundador, quien&nbsp;marcaba con sus&nbsp;iniciales&nbsp;los mejores vinos de la casa.&nbsp;Hoy, el Fino C.B. es la marca m\u00e1s conocida de esta bodega&nbsp;tricentenaria,&nbsp;que exporta el 40% de su producci\u00f3n.&nbsp;<\/p>\n\n\n\n<p>Fuentes:&nbsp;Diario de C\u00f3rdoba,&nbsp;La Vanguardia,&nbsp;Europa&nbsp;Press,&nbsp;Expansi\u00f3n.&nbsp;<\/p>\n","protected":false},"excerpt":{"rendered":"<p>El TGUE da la raz\u00f3n a Bodegas Alvear frente a Freixenet por el uso de C.B., al confirmar riesgo de confusi\u00f3n entre marcas de vinos.<\/p>\n","protected":false},"author":4,"featured_media":14114,"comment_status":"open","ping_status":"open","sticky":false,"template":"","format":"standard","meta":{"_acf_changed":false,"footnotes":""},"categories":[2],"tags":[146],"class_list":{"0":"post-14113","1":"post","2":"type-post","3":"status-publish","4":"format-standard","5":"has-post-thumbnail","7":"category-noticias","8":"tag-marcas"},"acf":[],"_links":{"self":[{"href":"https:\/\/www.safecreative.org\/tips\/es\/wp-json\/wp\/v2\/posts\/14113","targetHints":{"allow":["GET"]}}],"collection":[{"href":"https:\/\/www.safecreative.org\/tips\/es\/wp-json\/wp\/v2\/posts"}],"about":[{"href":"https:\/\/www.safecreative.org\/tips\/es\/wp-json\/wp\/v2\/types\/post"}],"author":[{"embeddable":true,"href":"https:\/\/www.safecreative.org\/tips\/es\/wp-json\/wp\/v2\/users\/4"}],"replies":[{"embeddable":true,"href":"https:\/\/www.safecreative.org\/tips\/es\/wp-json\/wp\/v2\/comments?post=14113"}],"version-history":[{"count":2,"href":"https:\/\/www.safecreative.org\/tips\/es\/wp-json\/wp\/v2\/posts\/14113\/revisions"}],"predecessor-version":[{"id":14177,"href":"https:\/\/www.safecreative.org\/tips\/es\/wp-json\/wp\/v2\/posts\/14113\/revisions\/14177"}],"wp:featuredmedia":[{"embeddable":true,"href":"https:\/\/www.safecreative.org\/tips\/es\/wp-json\/wp\/v2\/media\/14114"}],"wp:attachment":[{"href":"https:\/\/www.safecreative.org\/tips\/es\/wp-json\/wp\/v2\/media?parent=14113"}],"wp:term":[{"taxonomy":"category","embeddable":true,"href":"https:\/\/www.safecreative.org\/tips\/es\/wp-json\/wp\/v2\/categories?post=14113"},{"taxonomy":"post_tag","embeddable":true,"href":"https:\/\/www.safecreative.org\/tips\/es\/wp-json\/wp\/v2\/tags?post=14113"}],"curies":[{"name":"wp","href":"https:\/\/api.w.org\/{rel}","templated":true}]}}