{"id":13616,"date":"2025-11-25T15:00:00","date_gmt":"2025-11-25T14:00:00","guid":{"rendered":"https:\/\/www.safecreative.org\/tips\/es\/?p=13616"},"modified":"2026-02-20T07:11:55","modified_gmt":"2026-02-20T06:11:55","slug":"los-34-certamenes-que-no-puedes-perderte-en-diciembre","status":"publish","type":"post","link":"https:\/\/www.safecreative.org\/tips\/es\/los-34-certamenes-que-no-puedes-perderte-en-diciembre\/","title":{"rendered":"Los 34 cert\u00e1menes que no puedes perderte en diciembre\u00a0"},"content":{"rendered":"\n<p>Escritores, ilustradores, fot\u00f3grafos y dem\u00e1s artistas tienen una nueva ocasi\u00f3n de mostrar su talento antes de que termine el a\u00f1o en las decenas de cert\u00e1menes que se organizan por toda Espa\u00f1a, y cuyo plazo de inscripci\u00f3n finaliza este diciembre. Los literatos a\u00fan est\u00e1n a tiempo de enviar sus manuscritos para los diversos concursos en liza especializados en novela, cuento o poes\u00eda; pero este mes tambi\u00e9n tendr\u00e1n oportunidad guionistas, dramaturgos, fot\u00f3grafos art\u00edsticos o de la naturaleza, pintores y otros artistas pl\u00e1sticos y digitales. A continuaci\u00f3n, os damos <strong>todas las claves de los 34 concursos cuya presentaci\u00f3n de originales concluye en las \u00faltimas semanas de 2025.<\/strong>\u00a0<\/p>\n\n\n\n<h2 class=\"wp-block-heading\" id=\"h-novela-nbsp\">NOVELA&nbsp;<\/h2>\n\n\n\n<h3 class=\"wp-block-heading\" id=\"h-premio-literario-plataforma-neo-de-literatura-juvenil-nbsp-nbsp-nbsp-nbsp-nbsp\">Premio Literario Plataforma NEO de Literatura Juvenil&nbsp;&nbsp;&nbsp;&nbsp;&nbsp;<\/h3>\n\n\n\n<p>Edici\u00f3n (2025): 13\u00aa edici\u00f3n.\u00a0<\/p>\n\n\n\n<p>Convoca: Plataforma Editorial.&nbsp;<\/p>\n\n\n\n<p>Cl\u00e1usulas: novela juvenil rom\u00e1ntica. Las obras deber\u00e1n tener entre 40.000 y 70.000 palabras.&nbsp;<\/p>\n\n\n\n<p>Plazo de presentaci\u00f3n: hasta el 10 de diciembre de 2025.&nbsp;<\/p>\n\n\n\n<p>Cuant\u00eda premio: 2.000 euros.&nbsp;<\/p>\n\n\n\n<p><a href=\"https:\/\/www.plataformaeditorial.com\/uploads\/DOC10757BASES%20PREMIO%20NEO%202025-2026.pdf\" target=\"_blank\" rel=\"noreferrer noopener\">Bases<\/a>&nbsp;<\/p>\n\n\n\n<h3 class=\"wp-block-heading\" id=\"h-premio-de-novela-de-ciencia-ficcion-ciudad-del-conocimiento-nbsp-nbsp-nbsp-nbsp-nbsp\">Premio de Novela de Ciencia Ficci\u00f3n Ciudad del Conocimiento&nbsp;&nbsp;&nbsp;&nbsp;&nbsp;<\/h3>\n\n\n\n<p>Edici\u00f3n (2025): VI&nbsp;<\/p>\n\n\n\n<p>Convoca: Editorial Premium.&nbsp;<\/p>\n\n\n\n<p>Cl\u00e1usulas: obras escritas en castellano y enmarcadas en el g\u00e9nero de ciencia ficci\u00f3n y con una extensi\u00f3n comprendida entre las 100 y 300 p\u00e1ginas.&nbsp;<\/p>\n\n\n\n<p>Plazo de presentaci\u00f3n: hasta el 12 de diciembre de 2025.&nbsp;<\/p>\n\n\n\n<p>Cuant\u00eda premio: 3.300 euros.&nbsp;<\/p>\n\n\n\n<p><a href=\"https:\/\/editorialpremium.es\/bases-vi-premio-de-novela-de-ciencia-ficcion-ciudad-del-conocimiento\/\" target=\"_blank\" rel=\"noreferrer noopener\">Bases<\/a>&nbsp;<\/p>\n\n\n\n<h3 class=\"wp-block-heading\" id=\"h-premio-internacional-de-novela-corta-francisco-ayala-nbsp-nbsp-nbsp-nbsp-nbsp\">Premio Internacional de Novela Corta Francisco Ayala&nbsp;&nbsp;&nbsp;&nbsp;&nbsp;<\/h3>\n\n\n\n<p>Edici\u00f3n (2025): III&nbsp;<\/p>\n\n\n\n<p>Convoca: Fundaci\u00f3n Sierra Elvira, en colaboraci\u00f3n con la Fundaci\u00f3n Francisco Ayala y Ediciones Traspi\u00e9s.&nbsp;<\/p>\n\n\n\n<p>Cl\u00e1usulas: textos originales e in\u00e9ditos, con un m\u00ednimo de 25.000 y un m\u00e1ximo de 40.000 palabras.&nbsp;<\/p>\n\n\n\n<p>Plazo de presentaci\u00f3n: Hasta el 31 de diciembre de 2025.&nbsp;&nbsp;&nbsp;<\/p>\n\n\n\n<p>Cuant\u00eda premio: 6.000 euros.&nbsp;<\/p>\n\n\n\n<p><a href=\"https:\/\/www.ffayala.es\/wp-content\/uploads\/2025\/10\/Bases-III-Premio-Internacional-novela-corta-Fco-Ayala.pdf\" target=\"_blank\" rel=\"noreferrer noopener\">Bases<\/a>&nbsp;<\/p>\n\n\n\n<h2 class=\"wp-block-heading\" id=\"h-poesia-nbsp\">POES\u00cdA&nbsp;<\/h2>\n\n\n\n<h3 class=\"wp-block-heading\" id=\"h-premio-internacional-de-poesia-gonzalo-de-berceo-nbsp-nbsp-nbsp-nbsp-nbsp\">Premio Internacional de Poes\u00eda Gonzalo de Berceo&nbsp;&nbsp;&nbsp;&nbsp;&nbsp;<\/h3>\n\n\n\n<p>Edici\u00f3n (2025): II&nbsp;<\/p>\n\n\n\n<p>Convoca: Fundaci\u00f3n San Mill\u00e1n de la Cogolla.&nbsp;<\/p>\n\n\n\n<p>Cl\u00e1usulas: tema y forma libres. Entre 500 y 800 versos.&nbsp;<\/p>\n\n\n\n<p>Plazo de presentaci\u00f3n: hasta el 4 de diciembre de 2025.&nbsp;<\/p>\n\n\n\n<p>Cuant\u00eda premio: 6.000 euros.&nbsp;<\/p>\n\n\n\n<p><a href=\"https:\/\/www.escenariovivo.es\/premio-internacional-de-poesia-gonzalo-de-berceo\/\" target=\"_blank\" rel=\"noreferrer noopener\">Bases<\/a>&nbsp;<\/p>\n\n\n\n<h3 class=\"wp-block-heading\" id=\"h-premio-internacional-de-poesia-adolfo-utor-acevedo-nbsp-nbsp-nbsp-nbsp-nbsp\">Premio Internacional de Poes\u00eda Adolfo Utor Acevedo&nbsp;&nbsp;&nbsp;&nbsp;&nbsp;<\/h3>\n\n\n\n<p>Edici\u00f3n (2025):\u00a0XXV<\/p>\n\n\n\n<p>Convoca: Fundaci\u00f3n Balearia.&nbsp;<\/p>\n\n\n\n<p>Cl\u00e1usulas: obras originales e in\u00e9ditas, con una extensi\u00f3n habitual correspondiente a los libros de poes\u00eda. Se enviar\u00e1n en formato pdf.&nbsp;<\/p>\n\n\n\n<p>Plazo de presentaci\u00f3n: hasta el 12 de diciembre de 2025.&nbsp;<\/p>\n\n\n\n<p>Cuant\u00eda premio: 5.000 euros.&nbsp;<\/p>\n\n\n\n<p><a href=\"https:\/\/fundaciobalearia.org\/event\/premios-de-poesia-adolfo-utor-acevedo\/\" target=\"_blank\" rel=\"noreferrer noopener\">Bases<\/a>&nbsp;<\/p>\n\n\n\n<h3 class=\"wp-block-heading\" id=\"h-certamen-poetico-margarita-perujo-nebro-nbsp-nbsp-nbsp-nbsp-nbsp\">Certamen Po\u00e9tico Margarita Perujo Nebro&nbsp;&nbsp;&nbsp;&nbsp;&nbsp;<\/h3>\n\n\n\n<p>Edici\u00f3n (2025): XII&nbsp;<\/p>\n\n\n\n<p>Convoca: Grupo Poetas Cueve\u00f1os y Ayuntamiento de Cuevas del Becerro (M\u00e1laga).&nbsp;<\/p>\n\n\n\n<p>Cl\u00e1usulas: dirigido a residentes en Andaluc\u00eda. Tema y m\u00e9trica libres, y extensi\u00f3n entre 14 y 50 versos.&nbsp;<\/p>\n\n\n\n<p>Plazo de presentaci\u00f3n: hasta el 13 de diciembre de 2025.&nbsp;&nbsp;&nbsp;<\/p>\n\n\n\n<p>Cuant\u00eda premio: 200 euros, acc\u00e9sit de 150 euros y otro premio de 150 euros para poetas locales.&nbsp;<\/p>\n\n\n\n<p><a href=\"https:\/\/www.facebook.com\/photo?fbid=1223718473122128&amp;set=pcb.1223718649788777\" target=\"_blank\" rel=\"noreferrer noopener\">Bases<\/a>&nbsp;<\/p>\n\n\n\n<h3 class=\"wp-block-heading\" id=\"h-premio-iberico-de-ecopoesia-puente-del-guadiana-nbsp-nbsp-nbsp-nbsp-nbsp\">Premio Ib\u00e9rico de Ecopoes\u00eda Puente del Guadiana&nbsp;&nbsp;&nbsp;&nbsp;&nbsp;<\/h3>\n\n\n\n<p>Edici\u00f3n (2025): IV&nbsp;<\/p>\n\n\n\n<p>Convoca: Asociaci\u00f3n Cultural Santiago Aguaded Landero.&nbsp;<\/p>\n\n\n\n<p>Cl\u00e1usulas: escritores nacidos o residentes en Espa\u00f1a y Portugal. Obras de tema y forma libres, pero se valorar\u00e1 preferentemente aquellas que incluyan la eco poes\u00eda como parte significativa. Extensi\u00f3n entre 36 y 40 p\u00e1ginas.&nbsp;<\/p>\n\n\n\n<p>Plazo de presentaci\u00f3n: hasta el 15 de diciembre de 2025.&nbsp;&nbsp;&nbsp;<\/p>\n\n\n\n<p>Cuant\u00eda premio: 1.200 euros&nbsp;<\/p>\n\n\n\n<p><a href=\"https:\/\/www.finalescerrados.com\/p\/cl-iv-premio-iberico-de-ecopoesia.html\" target=\"_blank\" rel=\"noreferrer noopener\">Bases<\/a>&nbsp;<\/p>\n\n\n\n<h3 class=\"wp-block-heading\" id=\"h-premio-nacional-de-poesia-al-natural\">Premio Nacional de Poes\u00eda al Natural\u00a0\u00a0\u00a0\u00a0\u00a0\u00a0<\/h3>\n\n\n\n<p>Edici\u00f3n (2025): III&nbsp;<\/p>\n\n\n\n<p>Convoca: Ayuntamiento de Hu\u00e9tor Santill\u00e1n (Granada).&nbsp;<\/p>\n\n\n\n<p>Cl\u00e1usulas: extensi\u00f3n y m\u00e9trica libres, obras relacionadas con la naturaleza.\u00a0<\/p>\n\n\n\n<p>Plazo de presentaci\u00f3n: hasta el 20 de diciembre de 2025.\u00a0<\/p>\n\n\n\n<p>Cuant\u00eda premio: 1.000 euros.&nbsp;<\/p>\n\n\n\n<p><a href=\"https:\/\/huetorsantillan.com\/ii-premio-nacional-poesia-al-natural\/\" target=\"_blank\" rel=\"noreferrer noopener\">Bases<\/a>&nbsp;<\/p>\n\n\n\n<h3 class=\"wp-block-heading\" id=\"h-premio-pulchrum-de-poesia\">Premio Pulchrum de Poes\u00eda\u00a0\u00a0\u00a0\u00a0\u00a0<\/h3>\n\n\n\n<p>Edici\u00f3n (2025): V&nbsp;<\/p>\n\n\n\n<p>Convoca: O_Lumen.&nbsp;<\/p>\n\n\n\n<p>Cl\u00e1usulas: el tema ha de guardar alguna relaci\u00f3n con la realidad, experiencia o idea de Dios desde cualquier perspectiva. La extensi\u00f3n del conjunto no superar\u00e1 los 100 versos.\u00a0<\/p>\n\n\n\n<p>Plazo de presentaci\u00f3n: hasta el 31 de diciembre de 2025.\u00a0\u00a0\u00a0<\/p>\n\n\n\n<p>Cuant\u00eda premio: 400 euros.&nbsp;<\/p>\n\n\n\n<p><a href=\"https:\/\/www.olumen.org\/evento\/v-premio-pulchrum-de-poesia-2025\/\" target=\"_blank\" rel=\"noreferrer noopener\">Bases<\/a>&nbsp;<\/p>\n\n\n\n<h2 class=\"wp-block-heading\" id=\"h-guion-y-teatro\">GUION Y TEATRO\u00a0<\/h2>\n\n\n\n<h3 class=\"wp-block-heading\" id=\"h-concurso-de-guion-de-cortometraje\">Concurso de Guion de Cortometraje\u00a0\u00a0\u00a0\u00a0\u00a0<\/h3>\n\n\n\n<p>Edici\u00f3n (2025): 2\u00aa&nbsp;<\/p>\n\n\n\n<p>Convoca: Metatarso Producciones SL.&nbsp;<\/p>\n\n\n\n<p>Cl\u00e1usulas: guion para cortometraje. Tema libre. Extensi\u00f3n no superior a 15 p\u00e1ginas m\u00e1s una portada.\u00a0<\/p>\n\n\n\n<p>Plazo de presentaci\u00f3n: hasta el 1 de diciembre de 2025.\u00a0\u00a0\u00a0<\/p>\n\n\n\n<p>Cuant\u00eda premio: 800 euros y acc\u00e9sit de 400 euros.&nbsp;<\/p>\n\n\n\n<p><a href=\"https:\/\/estudio-workinprogress.com\/wp-content\/uploads\/II_ConcursoCortometraje_BASES.pdf\" target=\"_blank\" rel=\"noreferrer noopener\">Bases<\/a>&nbsp;<\/p>\n\n\n\n<h3 class=\"wp-block-heading\" id=\"h-premio-de-teatro-jose-martin-recuerda\">Premio de Teatro Jos\u00e9 Mart\u00edn Recuerda\u00a0\u00a0\u00a0\u00a0\u00a0<\/h3>\n\n\n\n<p>Edici\u00f3n (2025): XXIV&nbsp;<\/p>\n\n\n\n<p>Convoca: Fundaci\u00f3n Jos\u00e9 Mart\u00edn Recuerda.&nbsp;<\/p>\n\n\n\n<p>Cl\u00e1usulas: obra original no representada e in\u00e9dita. Tema libre, con una extensi\u00f3n m\u00ednima que permita una puesta en escena de al menos una hora.\u00a0\u00a0\u00a0<\/p>\n\n\n\n<p>Plazo de presentaci\u00f3n: hasta el 31 de diciembre de 2025.\u00a0<\/p>\n\n\n\n<p>Cuant\u00eda premio: 3.000 euros.&nbsp;<\/p>\n\n\n\n<p><a href=\"https:\/\/www.fundacionjosemartinrecuerda.org\/index.php?module=fundacion&amp;action=actividades\" target=\"_blank\" rel=\"noreferrer noopener\">Bases<\/a>&nbsp;<\/p>\n\n\n\n<h3 class=\"wp-block-heading\" id=\"h-concurso-internacional-de-textos-teatrales\">Concurso Internacional de Textos Teatrales\u00a0\u00a0\u00a0\u00a0\u00a0<\/h3>\n\n\n\n<p>Edici\u00f3n (2026): 2\u00aa&nbsp;<\/p>\n\n\n\n<p>Convoca: Fundaci\u00f3n Enrique Salaberr\u00eda.&nbsp;<\/p>\n\n\n\n<p>Cl\u00e1usulas: tem\u00e1tica libre, con una extensi\u00f3n que permita una puesta en escena de al menos setenta minutos.\u00a0\u00a0\u00a0\u00a0<\/p>\n\n\n\n<p>Plazo de presentaci\u00f3n: hasta el 31 de enero de 2026.\u00a0<\/p>\n\n\n\n<p>Cuant\u00eda premio: 3.000 euros.&nbsp;<\/p>\n\n\n\n<p><a href=\"https:\/\/fundacionenriquesalaberria.org\/ii-concurso-internacional-de-textos-teatrales\/\" target=\"_blank\" rel=\"noreferrer noopener\">Bases<\/a>&nbsp;<\/p>\n\n\n\n<h2 class=\"wp-block-heading\" id=\"h-relato-y-otras-narrativas\">RELATO Y OTRAS NARRATIVAS\u00a0<\/h2>\n\n\n\n<h3 class=\"wp-block-heading\" id=\"h-certamen-de-relato-corto-biblioteca-publica-municipal-de-pilas\">Certamen de Relato Corto Biblioteca P\u00fablica Municipal de Pilas\u00a0\u00a0\u00a0\u00a0<\/h3>\n\n\n\n<p>Edici\u00f3n (2025): XXXVIII&nbsp;<\/p>\n\n\n\n<p>Convoca: Biblioteca P\u00fablica Municipal de Pilas (Sevilla).&nbsp;<\/p>\n\n\n\n<p>Cl\u00e1usulas: tema libre, con una extensi\u00f3n comprendida entre 5 y 10 p\u00e1ginas.\u00a0<\/p>\n\n\n\n<p>Plazo de presentaci\u00f3n: hasta el 11 de diciembre de 2025.\u00a0<\/p>\n\n\n\n<p>Cuant\u00eda premio: 1.000 euros.&nbsp;<\/p>\n\n\n\n<p><a href=\"https:\/\/www.pilas.es\/es\/actualidad\/noticias\/XXXVIII-Certamen-de-Relato-Corto-Biblioteca-Publica-Municipal-de-Pilas\/\" target=\"_blank\" rel=\"noreferrer noopener\">Bases<\/a>&nbsp;<\/p>\n\n\n\n<h3 class=\"wp-block-heading\" id=\"h-certamen-internacional-de-relatos-de-duelo\">Certamen Internacional de Relatos de Duelo\u00a0\u00a0\u00a0\u00a0\u00a0<\/h3>\n\n\n\n<p>Edici\u00f3n (2025): I&nbsp;<\/p>\n\n\n\n<p>Convoca: Tel\u00e9fono de la Esperanza de Granada, Editorial Entorno Gr\u00e1fico y Editorial Tleo.&nbsp;<\/p>\n\n\n\n<p>Cl\u00e1usulas: el tema girar\u00e1 en torno al proceso de duelo, narrar\u00e1n hechos o emociones vividas a partir de una p\u00e9rdida propia, o tratar\u00e1n personajes o acontecimientos ficticios o imaginados. Tendr\u00e1n una extensi\u00f3n de entre 3.000 y 6.000 palabras.\u00a0<\/p>\n\n\n\n<p>Plazo de presentaci\u00f3n: hasta el 12 de diciembre de 2025.\u00a0<\/p>\n\n\n\n<p>Cuant\u00eda premio: 3.000 euros (ganador) y 1.000 euros (finalista).&nbsp;<\/p>\n\n\n\n<p><a href=\"https:\/\/telefonodelaesperanza.org\/granada\/noticias\/i-certamen-internacional-de-relatos-de-duelo\" target=\"_blank\" rel=\"noreferrer noopener\">Bases<\/a>&nbsp;<\/p>\n\n\n\n<h3 class=\"wp-block-heading\" id=\"h-certamen-de-cartas-de-amor-bihotzaren-hitzak\">Certamen de Cartas de Amor Bihotzaren Hitzak\u00a0\u00a0\u00a0\u00a0\u00a0<\/h3>\n\n\n\n<p>Edici\u00f3n (2026): XXXI\u00a0<\/p>\n\n\n\n<p>Convoca: Ayuntamiento de Baracaldo (Vizcaya).&nbsp;<\/p>\n\n\n\n<p>Cl\u00e1usulas: mayores de 18 a\u00f1os, de cualquier nacionalidad, con cartas originales e in\u00e9ditas escritas en euskera y o castellano.\u00a0<\/p>\n\n\n\n<p>Plazo de presentaci\u00f3n: hasta el 15 de diciembre de 2025.\u00a0<\/p>\n\n\n\n<p>Cuant\u00eda premio: 550 euros (primer premio), 300 (acc\u00e9sit 1) y 200 euros (acc\u00e9sit 2).&nbsp;<\/p>\n\n\n\n<p><a href=\"https:\/\/www.euskadi.eus\/evento\/2025\/11\/03\/concurso-de-cartas-de-amor-bihotzaren-hitzak-2026\/web01-ejeduki\/es\/\" target=\"_blank\" rel=\"noreferrer noopener\">Bases<\/a>&nbsp;<\/p>\n\n\n\n<h3 class=\"wp-block-heading\" id=\"h-concurso-de-microrrelatos-lenteja-de-tierra-de-campos\">Concurso de Microrrelatos Lenteja de Tierra de Campos\u00a0\u00a0\u00a0\u00a0\u00a0<\/h3>\n\n\n\n<p>Edici\u00f3n (2025): XIII&nbsp;<\/p>\n\n\n\n<p>Convoca: Consejo Regulador de la IGP Lenteja de Tierra de Campos.&nbsp;<\/p>\n\n\n\n<p>Cl\u00e1usulas: tema libre, aunque en el texto deber\u00e1 aparecer la palabra \u00ablenteja\u00bb o \u00ablentejas\u00bb. Extensi\u00f3n entre 100 y 200 palabras.\u00a0<\/p>\n\n\n\n<p>Plazo de presentaci\u00f3n: hasta el 19 de diciembre de 2025.\u00a0<\/p>\n\n\n\n<p>Cuant\u00eda premio: 300 euros (primer premio), 200 euros (2\u00ba) y 100 euros (3\u00ba).&nbsp;<\/p>\n\n\n\n<p><a href=\"https:\/\/promociones.lentejadetierradecampos.es\/microrrelatos\/bases\" target=\"_blank\" rel=\"noreferrer noopener\">Bases<\/a>&nbsp;<\/p>\n\n\n\n<h3 class=\"wp-block-heading\" id=\"h-premio-internacional-de-cuentos-max-aub\">Premio Internacional de Cuentos Max Aub\u00a0\u00a0\u00a0\u00a0\u00a0<\/h3>\n\n\n\n<p>Edici\u00f3n (2026): XL&nbsp;<\/p>\n\n\n\n<p>Convoca: Fundaci\u00f3n Max Aub.&nbsp;<\/p>\n\n\n\n<p>Cl\u00e1usulas: tema libre. Extensi\u00f3n m\u00ednima de cinco folios y m\u00e1xima de 15.\u00a0<\/p>\n\n\n\n<p>Plazo de presentaci\u00f3n: hasta el 30 de diciembre de 2025.\u00a0<\/p>\n\n\n\n<p>Cuant\u00eda premio: 6.000 euros.&nbsp;<\/p>\n\n\n\n<p><a href=\"https:\/\/maxaub.org\/premio-internacional-de-cuentos\/\" target=\"_blank\" rel=\"noreferrer noopener\">Bases<\/a>&nbsp;<\/p>\n\n\n\n<h3 class=\"wp-block-heading\" id=\"h-certamen-de-relatos-fundacion-pintor-julio-visconti\">Certamen de Relatos Fundaci\u00f3n Pintor Julio Visconti\u00a0\u00a0\u00a0\u00a0\u00a0<\/h3>\n\n\n\n<p>Edici\u00f3n (2025): X&nbsp;<\/p>\n\n\n\n<p>Convoca: Fundaci\u00f3n Pintor Julio Visconti.&nbsp;<\/p>\n\n\n\n<p>Cl\u00e1usulas: tema libre. La extensi\u00f3n tendr\u00e1 un m\u00ednimo de 30 y un m\u00e1ximo de 40 p\u00e1ginas.\u00a0<\/p>\n\n\n\n<p>Plazo de presentaci\u00f3n: hasta el 30 de diciembre de 2025.\u00a0<\/p>\n\n\n\n<p>Cuant\u00eda premio: 750 euros.&nbsp;<\/p>\n\n\n\n<p><a href=\"http:\/\/fpjuliovisconti.com\/bases-del-x-certamen-de-relatos-de-la-fundacion-pintor-julio-visconti\/\" target=\"_blank\" rel=\"noreferrer noopener\">Bases<\/a>&nbsp;<\/p>\n\n\n\n<h3 class=\"wp-block-heading\" id=\"h-certamen-literario-helenides-de-salamina\">Certamen Literario Hel\u00e9nides de Salamina\u00a0\u00a0\u00a0\u00a0\u00a0<\/h3>\n\n\n\n<p>Edici\u00f3n (2025): XXXIV&nbsp;<\/p>\n\n\n\n<p>Convoca: Universidad Popular de Casar de C\u00e1ceres.&nbsp;<\/p>\n\n\n\n<p>Cl\u00e1usulas: mayores de 14 a\u00f1os. Relatos con extensi\u00f3n m\u00e1xima de siete folios. Tema libre.\u00a0<\/p>\n\n\n\n<p>Plazo de presentaci\u00f3n: hasta el 30 de diciembre de 2025.\u00a0<\/p>\n\n\n\n<p>Cuant\u00eda premio: 1.000 euros.&nbsp;<\/p>\n\n\n\n<p><a href=\"https:\/\/www.calameo.com\/read\/007920653120ceea642e9\" target=\"_blank\" rel=\"noreferrer noopener\">Bases<\/a>&nbsp;<\/p>\n\n\n\n<h3 class=\"wp-block-heading\" id=\"h-premio-ribera-del-duero-de-narrativa-breve\">Premio Ribera del Duero de Narrativa Breve\u00a0\u00a0\u00a0\u00a0\u00a0<\/h3>\n\n\n\n<p>Edici\u00f3n (2025): IX&nbsp;<\/p>\n\n\n\n<p>Convoca: Consejo Regulador de la D. O. Ribera del Duero.&nbsp;<\/p>\n\n\n\n<p>Cl\u00e1usulas: libro de cuentos con una extensi\u00f3n de entre 100 y 150 p\u00e1ginas.\u00a0<\/p>\n\n\n\n<p>Plazo de presentaci\u00f3n: hasta el 31 de diciembre de 2025.\u00a0\u00a0\u00a0<\/p>\n\n\n\n<p>Cuant\u00eda premio: 25.000 euros.&nbsp;<\/p>\n\n\n\n<p><a href=\"https:\/\/paginasdeespuma.com\/imagenes\/Bases_Ribera_IX.pdf\" target=\"_blank\" rel=\"noreferrer noopener\">Bases<\/a>&nbsp;<\/p>\n\n\n\n<h3 class=\"wp-block-heading\" id=\"h-concurso-narrativa-breve-casa-de-cordoba-en-madrid\">Concurso Narrativa Breve Casa de C\u00f3rdoba en Madrid\u00a0\u00a0\u00a0\u00a0\u00a0<\/h3>\n\n\n\n<p>Edici\u00f3n (2025): IX&nbsp;<\/p>\n\n\n\n<p>Convoca: Asociaci\u00f3n Andaluza Casa de C\u00f3rdoba en Madrid.&nbsp;<\/p>\n\n\n\n<p>Cl\u00e1usulas: las obras presentadas tratar\u00e1n el tema de la C\u00f3rdoba omeya. La extensi\u00f3n ser\u00e1 de entre 3 y 4 p\u00e1ginas.\u00a0<\/p>\n\n\n\n<p>Plazo de presentaci\u00f3n: hasta el 31 de diciembre de 2025.\u00a0<\/p>\n\n\n\n<p>Cuant\u00eda premio: 300 euros.&nbsp;<\/p>\n\n\n\n<p><a href=\"https:\/\/www.casadecordobamadrid.es\/concursos\" target=\"_blank\" rel=\"noreferrer noopener\">Bases<\/a>\u00a0<\/p>\n\n\n\n<h2 class=\"wp-block-heading\" id=\"h-fotografia\">FOTOGRAF\u00cdA\u00a0<\/h2>\n\n\n\n<h3 class=\"wp-block-heading\" id=\"h-concurso-de-fotografia-de-naturaleza-las-aves-silvestres\">Concurso de Fotograf\u00eda de Naturaleza \u00abLas Aves Silvestres\u00bb\u00a0\u00a0\u00a0\u00a0\u00a0<\/h3>\n\n\n\n<p>Edici\u00f3n (2026): XXI\u00a0<\/p>\n\n\n\n<p>Convoca: Feria Internacional de Turismo Ornitol\u00f3gico (FIO).&nbsp;<\/p>\n\n\n\n<p>Cl\u00e1usulas: tema \u00ablas aves silvestres\u00bb, con estas categor\u00edas: retratos de aves, aves en su entorno, aves en acci\u00f3n y visi\u00f3n art\u00edstica de las aves; adem\u00e1s, categor\u00eda j\u00f3venes fot\u00f3grafos y premio especial \u00abfot\u00f3grafo extreme\u00f1o\u00bb categor\u00eda especial de v\u00eddeos de naturaleza.\u00a0\u00a0\u00a0<\/p>\n\n\n\n<p>Plazo de presentaci\u00f3n: hasta el 8 de diciembre de 2025.\u00a0<\/p>\n\n\n\n<p>Cuant\u00eda premio: 2.000 premio absoluto FIO 2026, 1.000 euros en cada categor\u00eda (excepto j\u00f3venes), y galard\u00f3n especial fot\u00f3grafo extreme\u00f1o de 900 euros. La obra en la categor\u00eda de v\u00eddeos recibir\u00e1 600 euros.\u00a0<\/p>\n\n\n\n<p><a href=\"https:\/\/fioextremadura.es\/wp-content\/uploads\/Bases_concurso_2026.pdf\" target=\"_blank\" rel=\"noreferrer noopener\">Bases<\/a>\u00a0<\/p>\n\n\n\n<h3 class=\"wp-block-heading\" id=\"h-concurso-nacional-de-fotografia-junta-mayor-hermandades-semana-santa-gandia\">Concurso Nacional de Fotograf\u00eda Junta Mayor Hermandades Semana Santa Gand\u00eda\u00a0\u00a0\u00a0\u00a0\u00a0<\/h3>\n\n\n\n<p>Edici\u00f3n (2025):\u00a0XLIV<\/p>\n\n\n\n<p>Convoca: Junta Mayor de Hermandades de la Semana Santa de Gand\u00eda (Valencia).&nbsp;<\/p>\n\n\n\n<p>Cl\u00e1usulas: dos modalidades: aspectos de la Semana Santa y tema libre. Cada participante podr\u00e1 presentar un m\u00e1ximo de cinco fotograf\u00edas.\u00a0\u00a0\u00a0<\/p>\n\n\n\n<p>Plazo de presentaci\u00f3n: hasta el 26 de diciembre de 2025.\u00a0<\/p>\n\n\n\n<p>Cuant\u00eda premio: 1.200 euros (primer premio) y 600 euros (segundo) en cada modalidad.&nbsp;<\/p>\n\n\n\n<p><a href=\"https:\/\/semanasantagandia.com\/portfolio\/concurso-nacional-de-fotografia\/\" target=\"_blank\" rel=\"noreferrer noopener\">Bases<\/a>&nbsp;<\/p>\n\n\n\n<h3 class=\"wp-block-heading\" id=\"h-concurso-de-fotografia-manuel-ferrol\">Concurso de Fotograf\u00eda Manuel Ferrol\u00a0\u00a0\u00a0\u00a0\u00a0<\/h3>\n\n\n\n<p>Edici\u00f3n (2025): VII&nbsp;<\/p>\n\n\n\n<p>Convoca: Asociaci\u00f3n Cultural Cultura Aberta de Carral.&nbsp;<\/p>\n\n\n\n<p>Cl\u00e1usulas: cuatro tem\u00e1ticas: retrato, reportaje, documentalismo y tradici\u00f3n. Tama\u00f1o m\u00ednimo 18 cm de lado, y m\u00e1ximo de 40 cm.\u00a0\u00a0\u00a0<\/p>\n\n\n\n<p>Plazo de presentaci\u00f3n: hasta el 28 de diciembre de 2025.\u00a0<\/p>\n\n\n\n<p>Cuant\u00eda premio: 1.000 euros (primero), 400 euros (2\u00ba) y 200 euros (3\u00ba).&nbsp;<\/p>\n\n\n\n<p><a href=\"https:\/\/culturaaberta.gal\/bases-vii-manuel-ferrol-25-26\/\" target=\"_blank\" rel=\"noreferrer noopener\">Bases<\/a>&nbsp;<\/p>\n\n\n\n<h3 class=\"wp-block-heading\" id=\"h-concurso-nacional-de-fotografia-ciudad-de-cordoba-premio-mezquita\">Concurso Nacional de Fotograf\u00eda Ciudad de C\u00f3rdoba Premio Mezquita\u00a0\u00a0\u00a0\u00a0\u00a0<\/h3>\n\n\n\n<p>Edici\u00f3n (2026): XXVI\u00a0<\/p>\n\n\n\n<p>Convoca: Asociaci\u00f3n Fotogr\u00e1fica Cordobesa y Delegaci\u00f3n de Cultura y Patrimonio Hist\u00f3rico del Ayuntamiento de C\u00f3rdoba.&nbsp;<\/p>\n\n\n\n<p>Cl\u00e1usulas: tres tem\u00e1ticas: libre, C\u00f3rdoba (capital) y fotograf\u00eda con Inteligencia Artificial. Se podr\u00e1 presentar una colecci\u00f3n de tres fotograf\u00edas con unidad tem\u00e1tica.\u00a0<\/p>\n\n\n\n<p>Plazo de presentaci\u00f3n: hasta el 29 de diciembre de 2025.\u00a0<\/p>\n\n\n\n<p>Cuant\u00eda premio: 6.000 euros para el ganador de tem\u00e1ticas A y B, y 1.500 euros para los finalistas; 1.500 euros ganador tem\u00e1tica C.&nbsp;<\/p>\n\n\n\n<p><a href=\"https:\/\/www.premiomezquita.es\/concurso\/misc\/5\" target=\"_blank\" rel=\"noreferrer noopener\">Bases<\/a>&nbsp;<\/p>\n\n\n\n<h3 class=\"wp-block-heading\" id=\"h-fine-art-awards-2025\">Fine Art Awards 2025\u00a0\u00a0\u00a0\u00a0\u00a0<\/h3>\n\n\n\n<p>Edici\u00f3n (2025): 3\u00aa&nbsp;<\/p>\n\n\n\n<p>Convoca: Dodho Magazine.&nbsp;<\/p>\n\n\n\n<p>Cl\u00e1usulas: fotograf\u00eda de Bellas Artes.\u00a0<\/p>\n\n\n\n<p>Plazo de presentaci\u00f3n: hasta el 31 de diciembre de 2025.\u00a0\u00a0\u00a0<\/p>\n\n\n\n<p>Cuant\u00eda premio: 1.000 euros.&nbsp;<\/p>\n\n\n\n<p><a href=\"https:\/\/www.dodho.com\/fine-art-awards\/\" target=\"_blank\" rel=\"noreferrer noopener\">Bases<\/a>&nbsp;<\/p>\n\n\n\n<h2 class=\"wp-block-heading\" id=\"h-pintura-ilustracion-y-otras-disciplinas-artisticas\">PINTURA, ILUSTRACI\u00d3N Y OTRAS DISCIPLINAS ART\u00cdSTICAS\u00a0<\/h2>\n\n\n\n<h3 class=\"wp-block-heading\" id=\"h-premio-ankaria-al-libro-de-artista\">Premio Ankaria al Libro de Artista\u00a0\u00a0\u00a0\u00a0\u00a0<\/h3>\n\n\n\n<p>Categor\u00eda: Libro art\u00edstico.&nbsp;<\/p>\n\n\n\n<p>Edici\u00f3n (2025): XII&nbsp;<\/p>\n\n\n\n<p>Convoca: Fundaci\u00f3n Ankaria.&nbsp;<\/p>\n\n\n\n<p>Cl\u00e1usulas: obra \u00fanica de tema libre sin restricci\u00f3n de formato ni tama\u00f1o, que no contenga elementos perecederos o materiales peligrosos.\u00a0<\/p>\n\n\n\n<p>Plazo de presentaci\u00f3n: hasta el 12 de diciembre de 2025.\u00a0<\/p>\n\n\n\n<p>Cuant\u00eda premio: 3.000 euros (1er premio) y 1.500 euros (finalista). Premio a menores de 28 a\u00f1os: 1.000 euros.&nbsp;<\/p>\n\n\n\n<p><a href=\"https:\/\/drive.google.com\/file\/d\/191aBy8hMB1R2b95aHrOPjyeQ65ooMwpw\/view\" target=\"_blank\" rel=\"noreferrer noopener\">Bases<\/a>&nbsp;<\/p>\n\n\n\n<h3 class=\"wp-block-heading\" id=\"h-premio-de-pintura-joven-ciutat-de-l-alcora-ximen-d-urrea\">Premio de Pintura Joven Ciutat de L&#8217;Alcora \u2013 Xim\u00e9n D&#8217;Urrea\u00a0\u00a0\u00a0\u00a0\u00a0<\/h3>\n\n\n\n<p>Categor\u00eda: Pintura.&nbsp;<\/p>\n\n\n\n<p>Edici\u00f3n (2025): XXIII&nbsp;<\/p>\n\n\n\n<p>Convoca: IES Xim\u00e9n D&#8217;Urrea.&nbsp;<\/p>\n\n\n\n<p>Cl\u00e1usulas: para artistas entre 18 y 35 a\u00f1os. La tem\u00e1tica y la t\u00e9cnica ser\u00e1n libres, y las dimensiones estar\u00e1n entre 50 cm y 200 cm por cada lado (m\u00ednimo: 50&#215;50, y m\u00e1ximo, 200&#215;200).\u00a0<\/p>\n\n\n\n<p>Plazo de presentaci\u00f3n: hasta el 14 de diciembre de 2025.\u00a0<\/p>\n\n\n\n<p>Cuant\u00eda premio: 1.300 euros (1er premio); 700 euros (segundo).&nbsp;<\/p>\n\n\n\n<p><a href=\"https:\/\/mundoarti.com\/concursos\/CPP2473\/xxiii-premi-de-pintura-jove-ciutat-de-lalcora-ximen-durrea-categoria-lliure\/\" target=\"_blank\" rel=\"noreferrer noopener\">Bases<\/a>&nbsp;<\/p>\n\n\n\n<h3 class=\"wp-block-heading\" id=\"h-premio-cervezas-alhambra-de-arte-emergente\">Premio Cervezas Alhambra de Arte Emergente \u00a0\u00a0\u00a0\u00a0<\/h3>\n\n\n\n<p>Categor\u00eda: Proyecto art\u00edstico sobre arte y artesan\u00eda.&nbsp;<\/p>\n\n\n\n<p>Edici\u00f3n (2025): X&nbsp;<\/p>\n\n\n\n<p>Convoca: Cervezas Alhambra (Grupo Mahou-San Miguel).\u00a0<\/p>\n\n\n\n<p>Cl\u00e1usulas: se seleccionar\u00e1 un proyecto art\u00edstico que invite a la reflexi\u00f3n sobre el arte y la artesan\u00eda contempor\u00e1nea en el marco del lema \u00abSin Prisa\u00bb.\u00a0<\/p>\n\n\n\n<p>Plazo de presentaci\u00f3n: hasta el 15 de diciembre de 2025.\u00a0\u00a0\u00a0<\/p>\n\n\n\n<p>Cuant\u00eda premio: 4.500 euros para la producci\u00f3n de la obra, y 2.000 euros para el artesano seleccionado por el artista. Adem\u00e1s, 10.500 euros a la obra ganadora, que ser\u00e1 expuesta en ARCOmadrid 2027.&nbsp;<\/p>\n\n\n\n<p><a href=\"https:\/\/www.cervezasalhambra.com\/es\/bases-legales-convocatoria-arco\" target=\"_blank\" rel=\"noreferrer noopener\">Bases<\/a>&nbsp;<\/p>\n\n\n\n<h3 class=\"wp-block-heading\" id=\"h-premio-de-arte-contemporaneo-lab-art-prize\">Premio de Arte Contempor\u00e1neo Lab Art Prize\u00a0\u00a0\u00a0\u00a0\u00a0<\/h3>\n\n\n\n<p>Categor\u00eda: Diversas disciplinas.&nbsp;<\/p>\n\n\n\n<p>Edici\u00f3n (2025): &#8211;&nbsp;<\/p>\n\n\n\n<p>Convoca: Malamegi Lab. Friuli-Venezia Giulia, Italia.&nbsp;<\/p>\n\n\n\n<p>Cl\u00e1usulas: abierto a disciplinas como dibujo, pintura, escultura, fotograf\u00eda, dise\u00f1o gr\u00e1fico, t\u00e9cnicas mixtas, arte digital y v\u00eddeo. El concurso seleccionar\u00e1 a 12 artistas finalistas, y Malamegi Lab adquirir\u00e1 una de las 12 obras de arte finales.\u00a0<\/p>\n\n\n\n<p>Plazo de presentaci\u00f3n: hasta el 19 de diciembre de 2025.\u00a0<\/p>\n\n\n\n<p>Cuant\u00eda premio: 2.000 euros\u00a0<\/p>\n\n\n\n<p><a href=\"https:\/\/www.lab.malamegi.com\/es\/premios\" target=\"_blank\" rel=\"noreferrer noopener\">Bases<\/a>&nbsp;<\/p>\n\n\n\n<h3 class=\"wp-block-heading\" id=\"h-premio-de-ilustracion-jaime-arcos-requena\">Premio de Ilustraci\u00f3n Jaime Arcos Requena\u00a0\u00a0\u00a0\u00a0\u00a0<\/h3>\n\n\n\n<p>Categor\u00eda: Ilustraci\u00f3n.&nbsp;<\/p>\n\n\n\n<p>Edici\u00f3n (2025): VII&nbsp;<\/p>\n\n\n\n<p>Convoca: Asociaci\u00f3n Cultural La Ment Encantada d&#8217;Antella.&nbsp;<\/p>\n\n\n\n<p>Cl\u00e1usulas: las obras deben realizarse en soporte digital y tendr\u00e1n como objetivo dignificar socialmente la imagen de los enfermos mentales en general y de los que padecen esquizofrenia en particular.\u00a0<\/p>\n\n\n\n<p>Plazo de presentaci\u00f3n: hasta el 31 de diciembre de 2025.\u00a0<\/p>\n\n\n\n<p>Cuant\u00eda premio: 500 euros.&nbsp;<\/p>\n\n\n\n<p><a href=\"https:\/\/mundoarti.com\/concursos\/CCC7380\/viie-premi-dillustracio-jaime-arcos-requena\/\" target=\"_blank\" rel=\"noreferrer noopener\">Bases<\/a>&nbsp;<\/p>\n\n\n\n<h2 class=\"wp-block-heading\" id=\"h-varias-categorias\">VARIAS CATEGOR\u00cdAS\u00a0<\/h2>\n\n\n\n<h3 class=\"wp-block-heading\" id=\"h-memorial-maria-luisa-certamen-internacional-de-fotografia-y-video\">Memorial Mar\u00eda Luisa. Certamen Internacional de Fotograf\u00eda y V\u00eddeo\u00a0\u00a0\u00a0\u00a0\u00a0<\/h3>\n\n\n\n<p>Categor\u00eda: Fotograf\u00eda y v\u00eddeo.&nbsp;<\/p>\n\n\n\n<p>Edici\u00f3n (2025): XXXVI&nbsp;<\/p>\n\n\n\n<p>Convoca: Memorial Mar\u00eda Luisa.&nbsp;<\/p>\n\n\n\n<p>Cl\u00e1usulas: 15 categor\u00edas relacionadas con la monta\u00f1a, la naturaleza y la aventura.&nbsp;<\/p>\n\n\n\n<p>Plazo de presentaci\u00f3n: hasta el 1 de diciembre de 2025.\u00a0<\/p>\n\n\n\n<p>Cuant\u00eda premio: Premio absoluto: 4.000 euros; premio por cada categor\u00eda: 300 euros; premio al mejor v\u00eddeo, pel\u00edcula o documental: 3.000 euros en material.&nbsp;&nbsp;&nbsp;<\/p>\n\n\n\n<p><a href=\"https:\/\/memorialmarialuisa.com\/downloads\/bases_2025.pdf\" target=\"_blank\" rel=\"noreferrer noopener\">Bases<\/a>&nbsp;<\/p>\n\n\n\n<h3 class=\"wp-block-heading\" id=\"h-certamen-literatura-y-poesia-humoristica-la-flor-del-cactus-costa-tropical-de-granada\">Certamen Literatura y Poes\u00eda Humor\u00edstica La Flor del Cactus &#8211; Costa Tropical\u00a0de Granada<\/h3>\n\n\n\n<p>Categor\u00eda: Relato y poes\u00eda.&nbsp;<\/p>\n\n\n\n<p>Edici\u00f3n (2025): I&nbsp;<\/p>\n\n\n\n<p>Convoca: El Batracio Amarillo \/ \u00bfY t\u00fa qu\u00e9 escribes?&nbsp;<\/p>\n\n\n\n<p>Cl\u00e1usulas: literatura humor\u00edstica, con dos modalidades: poes\u00eda sat\u00edrica (tres poemas, entre 2 y 4 p\u00e1ginas) y relato burl\u00f3n o sat\u00edrico (m\u00e1ximo tres relatos, de 2 a 5 p\u00e1ginas cada uno, o un solo relato, de 15 p\u00e1ginas).\u00a0<\/p>\n\n\n\n<p>Plazo de presentaci\u00f3n: hasta el 30 de diciembre de 2025.\u00a0<\/p>\n\n\n\n<p>Cuant\u00eda premio: 2.000 euros.&nbsp;<\/p>\n\n\n\n<p><a href=\"https:\/\/letralia.com\/wp-content\/uploads\/concursos\/2512\/30elbatracioamarillo.pdf\" target=\"_blank\" rel=\"noreferrer noopener\">Bases<\/a>&nbsp;<\/p>\n\n\n\n<h2 class=\"wp-block-heading\" id=\"h-arte-digital\">ARTE DIGITAL\u00a0<\/h2>\n\n\n\n<h3 class=\"wp-block-heading\" id=\"h-certamen-internacional-de-arte-digital-smth-x-mmmad\">Certamen Internacional de Arte Digital SMTH x MMMAD\u00a0<\/h3>\n\n\n\n<p>Edici\u00f3n (2025): V&nbsp;<\/p>\n\n\n\n<p>Convoca: MMMAD Festival \u2013 SMTH Tecnolog\u00eda Creativa.&nbsp;<\/p>\n\n\n\n<p>Cl\u00e1usulas: dirigido a artistas digitales que exploren el <em>worldbuilding <\/em>o creaci\u00f3n de universos completos capaces de cuestionar las estructuras y abrir nuevos imaginarios para el futuro.\u00a0<\/p>\n\n\n\n<p>Plazo de presentaci\u00f3n: hasta el 10 de diciembre de 2025.\u00a0<\/p>\n\n\n\n<p>Cuant\u00eda premio: Cinco premios de 1.000 euros.&nbsp;<\/p>\n\n\n\n<p><a href=\"https:\/\/www.smth-art.com\/opencallworldbuilding\" target=\"_blank\" rel=\"noreferrer noopener\">Bases<\/a>&nbsp;<\/p>\n","protected":false},"excerpt":{"rendered":"<p>Descubre los 34 concursos literarios y art\u00edsticos en Espa\u00f1a con plazo en diciembre de 2025 y presenta tus obras antes del cierre de plazos.<\/p>\n","protected":false},"author":29,"featured_media":13617,"comment_status":"open","ping_status":"open","sticky":false,"template":"","format":"standard","meta":{"_acf_changed":false,"footnotes":""},"categories":[290],"tags":[231],"class_list":{"0":"post-13616","1":"post","2":"type-post","3":"status-publish","4":"format-standard","5":"has-post-thumbnail","7":"category-agenda-de-concursos","8":"tag-concursos"},"acf":[],"_links":{"self":[{"href":"https:\/\/www.safecreative.org\/tips\/es\/wp-json\/wp\/v2\/posts\/13616","targetHints":{"allow":["GET"]}}],"collection":[{"href":"https:\/\/www.safecreative.org\/tips\/es\/wp-json\/wp\/v2\/posts"}],"about":[{"href":"https:\/\/www.safecreative.org\/tips\/es\/wp-json\/wp\/v2\/types\/post"}],"author":[{"embeddable":true,"href":"https:\/\/www.safecreative.org\/tips\/es\/wp-json\/wp\/v2\/users\/29"}],"replies":[{"embeddable":true,"href":"https:\/\/www.safecreative.org\/tips\/es\/wp-json\/wp\/v2\/comments?post=13616"}],"version-history":[{"count":6,"href":"https:\/\/www.safecreative.org\/tips\/es\/wp-json\/wp\/v2\/posts\/13616\/revisions"}],"predecessor-version":[{"id":13830,"href":"https:\/\/www.safecreative.org\/tips\/es\/wp-json\/wp\/v2\/posts\/13616\/revisions\/13830"}],"wp:featuredmedia":[{"embeddable":true,"href":"https:\/\/www.safecreative.org\/tips\/es\/wp-json\/wp\/v2\/media\/13617"}],"wp:attachment":[{"href":"https:\/\/www.safecreative.org\/tips\/es\/wp-json\/wp\/v2\/media?parent=13616"}],"wp:term":[{"taxonomy":"category","embeddable":true,"href":"https:\/\/www.safecreative.org\/tips\/es\/wp-json\/wp\/v2\/categories?post=13616"},{"taxonomy":"post_tag","embeddable":true,"href":"https:\/\/www.safecreative.org\/tips\/es\/wp-json\/wp\/v2\/tags?post=13616"}],"curies":[{"name":"wp","href":"https:\/\/api.w.org\/{rel}","templated":true}]}}