{"id":13366,"date":"2025-10-28T15:00:00","date_gmt":"2025-10-28T14:00:00","guid":{"rendered":"https:\/\/www.safecreative.org\/tips\/es\/?p=13366"},"modified":"2026-02-20T07:12:02","modified_gmt":"2026-02-20T06:12:02","slug":"los-35-concursos-a-los-que-puedes-presentarte-en-noviembre","status":"publish","type":"post","link":"https:\/\/www.safecreative.org\/tips\/es\/los-35-concursos-a-los-que-puedes-presentarte-en-noviembre\/","title":{"rendered":"Los 36 concursos a los que puedes presentarte en noviembre"},"content":{"rendered":"\n<p>Se acerca el final de a\u00f1o, pero a\u00fan quedan muchas oportunidades para que escritores, pintores y dem\u00e1s artistas participen mostrando sus dotes en las decenas de cert\u00e1menes abiertos en Espa\u00f1a y cuyo plazo de inscripci\u00f3n concluye en noviembre. Este mes encontramos desde primeras ediciones de concursos de literatura o pintura r\u00e1pida hasta cert\u00e1menes ya asentados, como el Ateneo-Ciudad de Valladolid, que camina por su 73\u00aa edici\u00f3n, o el Primavera de Novela, que otorga un premio de 100.000 euros al ganador. <\/p>\n\n\n\n<p>Tambi\u00e9n hay otros dirigidos en exclusiva a mujeres escritoras o bien, destinados a artistas j\u00f3venes, como el Grande Aguirre de poes\u00eda o el Alfonso Aramburu de pintura y escultura. Las opciones son m\u00faltiples y variadas. A continuaci\u00f3n, adjuntamos <strong>todas las claves de los 36 concursos cuya presentaci\u00f3n de originales finaliza a lo largo de noviembre.<\/strong>&nbsp;<\/p>\n\n\n\n<h2 class=\"wp-block-heading\" id=\"h-novela-nbsp\">NOVELA&nbsp;<\/h2>\n\n\n\n<h3 class=\"wp-block-heading\" id=\"h-premio-de-novela-ciudad-de-lebrija-nbsp-nbsp-nbsp-nbsp-nbsp-nbsp\">Premio de Novela Ciudad de Lebrija&nbsp;&nbsp;&nbsp;&nbsp;&nbsp;&nbsp;<\/h3>\n\n\n\n<p>Edici\u00f3n (2025): III&nbsp;<\/p>\n\n\n\n<p>Convoca: Extrovertida Editorial.&nbsp;<\/p>\n\n\n\n<p>Cl\u00e1usulas: se presentar\u00e1 bajo el sistema de plica. Las obras tendr\u00e1n una extensi\u00f3n de entre 140 y 250 p\u00e1ginas.&nbsp;<\/p>\n\n\n\n<p>Plazo de presentaci\u00f3n: hasta el 1 de noviembre de 2025.&nbsp;<\/p>\n\n\n\n<p>Cuant\u00eda premio: 5.000 euros.&nbsp;<\/p>\n\n\n\n<p><a href=\"https:\/\/premionovelalebrija.es\/\" target=\"_blank\" rel=\"noreferrer noopener\">Bases<\/a>&nbsp;<\/p>\n\n\n\n<h3 class=\"wp-block-heading\" id=\"h-premio-altair-de-literatura-de-viajes-nbsp-nbsp-nbsp-nbsp-nbsp-nbsp\">Premio Alta\u00efr de Literatura de Viajes&nbsp;&nbsp;&nbsp;&nbsp;&nbsp;&nbsp;<\/h3>\n\n\n\n<p>Edici\u00f3n (2025): I&nbsp;&nbsp;&nbsp;<\/p>\n\n\n\n<p>Convoca: Alta\u00efr y editorial Folch &amp; Folch.&nbsp;<\/p>\n\n\n\n<p>Cl\u00e1usulas: obra in\u00e9dita de no ficci\u00f3n literaria donde el viaje sea el hilo conductor. No se admitir\u00e1n obras de ficci\u00f3n ni trabajos estrictamente acad\u00e9micos. Extensi\u00f3n m\u00ednima de 160 p\u00e1ginas.&nbsp;<\/p>\n\n\n\n<p>Plazo de presentaci\u00f3n: Hasta el 5 de noviembre de 2025.&nbsp;<\/p>\n\n\n\n<p>Cuant\u00eda premio: 2.000 euros.&nbsp;<\/p>\n\n\n\n<p><a href=\"https:\/\/www.altair.es\/es\/especial\/premio-altair\/654\/\" target=\"_blank\" rel=\"noreferrer noopener\">Bases<\/a>&nbsp;<\/p>\n\n\n\n<h3 class=\"wp-block-heading\" id=\"h-premio-de-novela-ateneo-ciudad-de-valladolid-nbsp-nbsp-nbsp-nbsp-nbsp-nbsp\">Premio de Novela Ateneo-Ciudad de Valladolid&nbsp;&nbsp;&nbsp;&nbsp;&nbsp;&nbsp;<\/h3>\n\n\n\n<p>Edici\u00f3n (2025): 73\u00aa&nbsp;<\/p>\n\n\n\n<p>Convoca: Ayuntamiento de Valladolid y Ateneo de Valladolid.&nbsp;<\/p>\n\n\n\n<p>Cl\u00e1usulas: tema libre. Su extensi\u00f3n oscilar\u00e1 entre 150 y 300 p\u00e1ginas.&nbsp;<\/p>\n\n\n\n<p>Plazo de presentaci\u00f3n: hasta el 11 de noviembre de 2025.&nbsp;<\/p>\n\n\n\n<p>Cuant\u00eda premio: 20.000 euros.&nbsp;<\/p>\n\n\n\n<p><a href=\"https:\/\/cultura.valladolid.es\/sites\/default\/files\/2025-08\/Bases%2073%20Premio%20de%20novela%20Ateneo-Ciudad%20de%20Valladolid%202025.pdf\" target=\"_blank\" rel=\"noreferrer noopener\">Bases<\/a>&nbsp;<\/p>\n\n\n\n<h3 class=\"wp-block-heading\" id=\"h-premio-primavera-de-novela-nbsp-nbsp-nbsp-nbsp-nbsp-nbsp\">Premio Primavera de Novela&nbsp;&nbsp;&nbsp;&nbsp;&nbsp;&nbsp;<\/h3>\n\n\n\n<p>Edici\u00f3n (2026): XXX&nbsp;<\/p>\n\n\n\n<p>Convoca: Editorial Espasa.&nbsp;<\/p>\n\n\n\n<p>Cl\u00e1usulas: las obras presentadas deber\u00e1n tener una extensi\u00f3n m\u00ednima de 150 p\u00e1ginas.&nbsp;<\/p>\n\n\n\n<p>Plazo de presentaci\u00f3n: hasta el 14 de noviembre de 2025.&nbsp;<\/p>\n\n\n\n<p>Cuant\u00eda premio: 100.000 euros.&nbsp;<\/p>\n\n\n\n<p><a href=\"https:\/\/proassetspdlcom.cdnstatics2.com\/usuaris\/premios\/arxius\/1\/17_1_BASESXXXPREMIOPRIMAVERADENOVELA2026.pdf\" target=\"_blank\" rel=\"noreferrer noopener\">Bases<\/a>&nbsp;<\/p>\n\n\n\n<h3 class=\"wp-block-heading\" id=\"h-premio-edhasa-de-narrativas-historicas-nbsp-nbsp-nbsp-nbsp-nbsp-nbsp\">Premio Edhasa de Narrativas Hist\u00f3ricas&nbsp;&nbsp;&nbsp;&nbsp;&nbsp;&nbsp;<\/h3>\n\n\n\n<p>Edici\u00f3n (2026): IX&nbsp;<\/p>\n\n\n\n<p>Convoca: Edhasa.&nbsp;<\/p>\n\n\n\n<p>Cl\u00e1usulas: las obras deber\u00e1n pertenecer al g\u00e9nero de novela hist\u00f3rica, entendi\u00e9ndose que \u00e9sta abarca hasta la Segunda Guerra Mundial, incluida. Su extensi\u00f3n no ser\u00e1 inferior a 120 p\u00e1ginas.&nbsp;<\/p>\n\n\n\n<p>Plazo de presentaci\u00f3n: hasta el 28 de noviembre de 2025.&nbsp;<\/p>\n\n\n\n<p>Cuant\u00eda premio: 10.000 euros.&nbsp;<\/p>\n\n\n\n<p><a href=\"https:\/\/clubdellector.edhasa.es\/noticias\/ix-edicion-premio-edhasa-de-narrativas-historicas-2026\/\" target=\"_blank\" rel=\"noreferrer noopener\">Bases<\/a>&nbsp;<\/p>\n\n\n\n<h3 class=\"wp-block-heading\" id=\"h-certamen-de-novela-corta-jose-luis-castillo-puche-nbsp-nbsp-nbsp-nbsp-nbsp-nbsp\">Certamen de Novela Corta Jos\u00e9 Luis Castillo-Puche&nbsp;&nbsp;&nbsp;&nbsp;&nbsp;&nbsp;<\/h3>\n\n\n\n<p>Edici\u00f3n (2025): XXXIII&nbsp;<\/p>\n\n\n\n<p>Convoca: Asociaci\u00f3n de Madres y Padres del IES Jos\u00e9 Castillo-Puche de Yecla (Murcia).&nbsp;<\/p>\n\n\n\n<p>Cl\u00e1usulas: el tema de la novela ser\u00e1 libre, y su extensi\u00f3n de 50 a 100 p\u00e1ginas.&nbsp;<\/p>\n\n\n\n<p>Plazo de presentaci\u00f3n: hasta el 30 de noviembre de 2025.&nbsp;<\/p>\n\n\n\n<p>Cuant\u00eda premio: 3.000 euros.&nbsp;<\/p>\n\n\n\n<p><a href=\"https:\/\/www.iescastillopuche.net\/wp-content\/uploads\/2024\/07\/bases-XXXIII-certamen-Castillo-Puche-R.pdf\" target=\"_blank\" rel=\"noreferrer noopener\">Bases<\/a>&nbsp;<\/p>\n\n\n\n<h2 class=\"wp-block-heading\" id=\"h-poesia-nbsp\">POES\u00cdA&nbsp;<\/h2>\n\n\n\n<h3 class=\"wp-block-heading\" id=\"h-premio-literario-juan-jose-alcolea-nbsp-nbsp-nbsp-nbsp-nbsp-nbsp\">Premio Literario Juan Jos\u00e9 Alcolea&nbsp;&nbsp;&nbsp;&nbsp;&nbsp;&nbsp;<\/h3>\n\n\n\n<p>Edici\u00f3n (2025): V&nbsp;<\/p>\n\n\n\n<p>Convoca: Asociaci\u00f3n Literaria Verbo Azul.&nbsp;<\/p>\n\n\n\n<p>Cl\u00e1usulas: tema y rima libres. Extensi\u00f3n entre 14 y 80 versos.&nbsp;<\/p>\n\n\n\n<p>Plazo de presentaci\u00f3n: hasta el 1 de noviembre de 2025.&nbsp;<\/p>\n\n\n\n<p>Cuant\u00eda premio: 600 euros.&nbsp;<\/p>\n\n\n\n<p><a href=\"https:\/\/verboazul.blogspot.com\/\" target=\"_blank\" rel=\"noreferrer noopener\">Bases<\/a>&nbsp;<\/p>\n\n\n\n<h3 class=\"wp-block-heading\" id=\"h-premio-nacional-de-poesia-joven-grande-aguirre-nbsp-nbsp-nbsp-nbsp-nbsp-nbsp\">Premio Nacional de Poes\u00eda Joven Grande Aguirre&nbsp;&nbsp;&nbsp;&nbsp;&nbsp;&nbsp;<\/h3>\n\n\n\n<p>Edici\u00f3n (2025): XXII&nbsp;<\/p>\n\n\n\n<p>Convoca: Ayuntamiento de San Sebasti\u00e1n de los Reyes (Madrid).&nbsp;<\/p>\n\n\n\n<p>Cl\u00e1usulas: autores cuya edad no supere los 30 a\u00f1os cumplidos antes del 21 de marzo de 2026. Extensi\u00f3n entre los 500 y 1.000 versos.&nbsp;<\/p>\n\n\n\n<p>Plazo de presentaci\u00f3n: hasta el 2 de noviembre de 2025.&nbsp;<\/p>\n\n\n\n<p>Cuant\u00eda premio: 5.000 euros.&nbsp;<\/p>\n\n\n\n<p><a href=\"https:\/\/www.ssreyes.org\/documents\/1678104\/7014766\/BASES+WEB+GRANDE+AGUIRRE+2026.pdf\/6729ee3c-f6c2-bfc4-73aa-41afdec3f930?t=1742299591593\" target=\"_blank\" rel=\"noreferrer noopener\">Bases<\/a>&nbsp;<\/p>\n\n\n\n<h3 class=\"wp-block-heading\" id=\"h-certamen-de-poesia-soledad-escassi-nbsp-nbsp-nbsp-nbsp-nbsp-nbsp\">Certamen de Poes\u00eda Soledad Escassi&nbsp;&nbsp;&nbsp;&nbsp;&nbsp;&nbsp;<\/h3>\n\n\n\n<p>Edici\u00f3n (2025): XXIII&nbsp;<\/p>\n\n\n\n<p>Convoca: C\u00edrculo de Bellas Artes.&nbsp;<\/p>\n\n\n\n<p>Cl\u00e1usulas: tema y estilo libres, con una extensi\u00f3n m\u00e1xima de 60 versos.&nbsp;<\/p>\n\n\n\n<p>Plazo de presentaci\u00f3n: hasta el 3 de noviembre de 2025.&nbsp;<\/p>\n\n\n\n<p>Cuant\u00eda premio: 600 euros.&nbsp;<\/p>\n\n\n\n<p><a href=\"https:\/\/www.circulobellasartes.com\/wp-content\/uploads\/2025\/09\/Bases-Certamen-de-Poesia-Circulo-de-Bellas-Artes.pdf\" target=\"_blank\" rel=\"noreferrer noopener\">Bases<\/a>&nbsp;<\/p>\n\n\n\n<h3 class=\"wp-block-heading\" id=\"h-certamen-andaluz-de-poesia-villa-de-peligros-nbsp-nbsp-nbsp-nbsp-nbsp-nbsp-nbsp\">Certamen Andaluz de Poes\u00eda Villa de Peligros&nbsp;&nbsp;&nbsp;&nbsp;&nbsp;&nbsp;&nbsp;<\/h3>\n\n\n\n<p>Edici\u00f3n (2025): XL&nbsp;<\/p>\n\n\n\n<p>Convoca: Ayuntamiento de Peligros (Granada).&nbsp;<\/p>\n\n\n\n<p>Cl\u00e1usulas: podr\u00e1n participar todas las personas mayores de edad que hayan nacido o residan en Andaluc\u00eda. Extensi\u00f3n m\u00ednima de 500 versos.&nbsp;<\/p>\n\n\n\n<p>Plazo de presentaci\u00f3n: hasta el 7 de noviembre de 2025.&nbsp;<\/p>\n\n\n\n<p>Cuant\u00eda premio: 1.500 euros.&nbsp;<\/p>\n\n\n\n<p><a href=\"https:\/\/ayuntamientopeligros.es\/abierto-el-plazo-para-participar-en-el-xl-certamen-andaluz-de-poesia-villa-de-peligros\/\" target=\"_blank\" rel=\"noreferrer noopener\">Bases<\/a>&nbsp;<\/p>\n\n\n\n<h3 class=\"wp-block-heading\" id=\"h-premio-internacional-de-poesia-baltasar-espinosa-nbsp-nbsp-nbsp-nbsp-nbsp-nbsp\">Premio Internacional de Poes\u00eda Baltasar Espinosa&nbsp;&nbsp;&nbsp;&nbsp;&nbsp;&nbsp;<\/h3>\n\n\n\n<p>Edici\u00f3n (2025): II&nbsp;<\/p>\n\n\n\n<p>Convoca: Asociaci\u00f3n de Escritoras y Escritores Palabra y Verso.&nbsp;<\/p>\n\n\n\n<p>Cl\u00e1usulas: las obras tendr\u00e1n una extensi\u00f3n de entre 400 y 500 versos o l\u00edneas.&nbsp;<\/p>\n\n\n\n<p>Plazo de presentaci\u00f3n: hasta el 30 de noviembre de 2025.&nbsp;<\/p>\n\n\n\n<p>Cuant\u00eda premio: 1.000 euros.&nbsp;<\/p>\n\n\n\n<p><a href=\"https:\/\/palabrayverso.com\/2025\/08\/19\/palabra-y-verso-y-beginbook-ediciones-convocan-el-ii-premio-internacional-de-poesia-baltasar-espinosa\/\" target=\"_blank\" rel=\"noreferrer noopener\">Bases<\/a>&nbsp;<\/p>\n\n\n\n<h3 class=\"wp-block-heading\" id=\"h-premio-paul-beckett-de-poesia-nbsp\">Premio Paul Beckett de Poes\u00eda&nbsp;<\/h3>\n\n\n\n<p>Edici\u00f3n (2025): XXVI&nbsp;<\/p>\n\n\n\n<p>Convoca: Fundaci\u00f3n Valpara\u00edso.&nbsp;<\/p>\n\n\n\n<p>Cl\u00e1usulas: forma y tema libres, con una extensi\u00f3n no superior a los 700 versos o renglones.&nbsp;<\/p>\n\n\n\n<p>Plazo de presentaci\u00f3n: hasta el 30 de noviembre de 2025.&nbsp;<\/p>\n\n\n\n<p>Cuant\u00eda premio: 3.000 euros.&nbsp;<\/p>\n\n\n\n<p><a href=\"https:\/\/fundacionvalparaiso.com\/es\/premio-xxvi-poesia\/\" target=\"_blank\" rel=\"noreferrer noopener\">Bases<\/a>&nbsp;<\/p>\n\n\n\n<h2 class=\"wp-block-heading\" id=\"h-relato-y-microrrelato-nbsp\">RELATO Y MICRORRELATO&nbsp;<\/h2>\n\n\n\n<h3 class=\"wp-block-heading\" id=\"h-concurso-de-microrrelatos-san-silvestre-salmantina-nbsp-nbsp-nbsp-nbsp-nbsp-nbsp\">Concurso de Microrrelatos San Silvestre Salmantina&nbsp;&nbsp;&nbsp;&nbsp;&nbsp;&nbsp;<\/h3>\n\n\n\n<p>Edici\u00f3n (2025): XIII&nbsp;<\/p>\n\n\n\n<p>Convoca: San Silvestre Salmantina.&nbsp;<\/p>\n\n\n\n<p>Cl\u00e1usulas: extensi\u00f3n m\u00e1xima de 150 palabras. La tem\u00e1tica aludir\u00e1 a cualquier aspecto relacionado con la San Silvestre Salmantina, la pr\u00e1ctica del atletismo o los valores vinculados a esta carrera popular.&nbsp;<\/p>\n\n\n\n<p>Plazo de presentaci\u00f3n: hasta el 2 de noviembre de 2025.&nbsp;<\/p>\n\n\n\n<p>Cuant\u00eda premio: 500 euros.&nbsp;<\/p>\n\n\n\n<p><a href=\"https:\/\/sansilvestresalmantina.com\/Bases-microrrelatos-2025-corregido.pdf\" target=\"_blank\" rel=\"noreferrer noopener\">Bases<\/a>&nbsp;<\/p>\n\n\n\n<h3 class=\"wp-block-heading\" id=\"h-concurso-literario-de-relatos-contra-la-violencia-de-genero-nbsp-nbsp-nbsp-nbsp-nbsp-nbsp\">Concurso Literario de Relatos contra la Violencia de G\u00e9nero&nbsp;&nbsp;&nbsp;&nbsp;&nbsp;&nbsp;<\/h3>\n\n\n\n<p>Edici\u00f3n (2025): III&nbsp;<\/p>\n\n\n\n<p>Convoca: Ayuntamiento de Lardero (La Rioja).&nbsp;<\/p>\n\n\n\n<p>Cl\u00e1usulas: los relatos versar\u00e1n sobre violencia de g\u00e9nero en cualquiera de sus manifestaciones. Extensi\u00f3n entre cinco y 12 folios.&nbsp;<\/p>\n\n\n\n<p>Plazo de presentaci\u00f3n: hasta el 7 de noviembre de 2025.&nbsp;<\/p>\n\n\n\n<p>Cuant\u00eda premio: 300 euros.&nbsp;<\/p>\n\n\n\n<p><a href=\"https:\/\/www.aytolardero.org\/lardero-celebra-la-iii-edicion-de-su-concurso-literario-contra-la-violencia-de-genero\/\" target=\"_blank\" rel=\"noreferrer noopener\">Bases<\/a>&nbsp;<\/p>\n\n\n\n<h3 class=\"wp-block-heading\" id=\"h-certamen-internacional-de-microrrelatos-cross-de-atapuerca-nbsp-nbsp-nbsp-nbsp-nbsp-nbsp\">Certamen Internacional de Microrrelatos Cross de Atapuerca&nbsp;&nbsp;&nbsp;&nbsp;&nbsp;&nbsp;<\/h3>\n\n\n\n<p>Edici\u00f3n (2025): XV&nbsp;<\/p>\n\n\n\n<p>Convoca: Diputaci\u00f3n de Burgos.&nbsp;<\/p>\n\n\n\n<p>Cl\u00e1usulas: el tema debe estar relacionado con el Cross de Atapuerca. Las obras tendr\u00e1n una extensi\u00f3n m\u00e1xima de 200 palabras.&nbsp;<\/p>\n\n\n\n<p>Plazo de presentaci\u00f3n: hasta el 24 de noviembre de 2025.&nbsp;<\/p>\n\n\n\n<p>Cuant\u00eda premio: 600 euros.&nbsp;<\/p>\n\n\n\n<p><a href=\"https:\/\/www.crossatapuerca.com\/nw\/microrrelatos\/\" target=\"_blank\" rel=\"noreferrer noopener\">Bases<\/a>&nbsp;<\/p>\n\n\n\n<h3 class=\"wp-block-heading\" id=\"h-concurso-de-relatos-tertulia-albada-tierra-vacia-nbsp-nbsp-nbsp-nbsp-nbsp-nbsp-nbsp\">Concurso de Relatos Tertulia Albada \u00abTierra Vac\u00eda\u00bb&nbsp;&nbsp;&nbsp;&nbsp;&nbsp;&nbsp;&nbsp;<\/h3>\n\n\n\n<p>Edici\u00f3n (2025): X&nbsp;<\/p>\n\n\n\n<p>Convoca: Asociaci\u00f3n Cultural Tertulia Albada.&nbsp;<\/p>\n\n\n\n<p>Cl\u00e1usulas: tema \u00abPalabras por la Paz\u00bb. Extensi\u00f3n m\u00e1xima de 10.000 caracteres, incluyendo espacios.&nbsp;<\/p>\n\n\n\n<p>Plazo de presentaci\u00f3n: hasta el 30 de noviembre de 2025.&nbsp;<\/p>\n\n\n\n<p>Cuant\u00eda premio: 1.000 euros.&nbsp;<\/p>\n\n\n\n<p><a href=\"https:\/\/tertuliaalbada.blogspot.com\/2025\/06\/tertulia-albada-x-edicion-concurso-de.html\" target=\"_blank\" rel=\"noreferrer noopener\">Bases<\/a>&nbsp;<\/p>\n\n\n\n<h3 class=\"wp-block-heading\" id=\"h-certamen-de-relatos-breves-de-invierno-y-cuentos-de-navidad-nbsp-nbsp-nbsp-nbsp-nbsp-nbsp\">Certamen de Relatos Breves de Invierno y Cuentos de Navidad&nbsp;&nbsp;&nbsp;&nbsp;&nbsp;&nbsp;<\/h3>\n\n\n\n<p>Edici\u00f3n (2025): XXVII&nbsp;<\/p>\n\n\n\n<p>Convoca: Fundaci\u00f3n Concha.&nbsp;<\/p>\n\n\n\n<p>Cl\u00e1usulas: la tem\u00e1tica de los relatos se relacionar\u00e1 con el invierno o la navidad. Tendr\u00e1n una extensi\u00f3n m\u00ednima de tres folios y m\u00e1xima de cinco.&nbsp;<\/p>\n\n\n\n<p>Plazo de presentaci\u00f3n: hasta el 30 de noviembre de 2025.&nbsp;<\/p>\n\n\n\n<p>Cuant\u00eda premio: 1.000 euros (ganador) y 500 euros (acc\u00e9sit).&nbsp;<\/p>\n\n\n\n<p><a href=\"https:\/\/www.facebook.com\/fundacion.concha\/posts\/pfbid0MyvBRo3WB5Fjo7YNNXBZ1o3biX9CgFMhpTJAnwrPw6mWyEpHeRMA43athALwpqTZl\" target=\"_blank\" rel=\"noreferrer noopener\">Bases<\/a>&nbsp;<\/p>\n\n\n\n<h3 class=\"wp-block-heading\" id=\"h-concurso-relatos-de-mujeres-2025-nbsp-nbsp-nbsp-nbsp-nbsp-nbsp-nbsp\">Concurso Relatos de Mujeres 2025&nbsp;&nbsp;&nbsp;&nbsp;&nbsp;&nbsp;&nbsp;<\/h3>\n\n\n\n<p>Edici\u00f3n (2025): 33\u00aa&nbsp;<\/p>\n\n\n\n<p>Convoca: Ayuntamiento de Castell\u00f3n de la Plana (Castell\u00f3n).&nbsp;<\/p>\n\n\n\n<p>Cl\u00e1usulas: dirigido a mujeres mayores de edad. Tema libre, con una extensi\u00f3n m\u00ednima de 10 folios y m\u00e1xima de 40.&nbsp;<\/p>\n\n\n\n<p>Plazo de presentaci\u00f3n: hasta el 30 de noviembre de 2025.&nbsp;<\/p>\n\n\n\n<p>Cuant\u00eda premio: 2.000 euros.&nbsp;<\/p>\n\n\n\n<p><a href=\"https:\/\/www.castello.es\/documents\/35637\/3763197\/Bases+Concurso+Relatos+de+Mujeres_2025.pdf\/358a22e9-07d8-a17c-914d-89c3f6b87c4c?t=1753355439346\" target=\"_blank\" rel=\"noreferrer noopener\">Bases<\/a>&nbsp;<\/p>\n\n\n\n<h2 class=\"wp-block-heading\" id=\"h-varias-categorias-nbsp\">VARIAS CATEGORIAS&nbsp;<\/h2>\n\n\n\n<h3 class=\"wp-block-heading\" id=\"h-premio-avant-ciudad-de-ceuta-nbsp-nbsp-nbsp-nbsp-nbsp-nbsp\">Premio Avant Ciudad de Ceuta&nbsp;&nbsp;&nbsp;&nbsp;&nbsp;&nbsp;<\/h3>\n\n\n\n<p>Categor\u00eda: Poes\u00eda y novela.&nbsp;<\/p>\n\n\n\n<p>Edici\u00f3n (2025): VII&nbsp;<\/p>\n\n\n\n<p>Convoca: Editorial Avant.&nbsp;<\/p>\n\n\n\n<p>Cl\u00e1usulas: tema libre. La obra tendr\u00e1 una extensi\u00f3n m\u00ednima de 50 p\u00e1ginas y m\u00e1xima de 450 p\u00e1ginas.&nbsp;<\/p>\n\n\n\n<p>Plazo de presentaci\u00f3n: hasta el 1 de noviembre de 2025.&nbsp;<\/p>\n\n\n\n<p>Cuant\u00eda premio: 500 euros.&nbsp;<\/p>\n\n\n\n<p><a href=\"https:\/\/avanteditorial.com\/convocatoria-vii-certamen-de-poesia-y-novela-avant-ciudad-de-ceuta\/\" target=\"_blank\" rel=\"noreferrer noopener\">Bases<\/a>&nbsp;<\/p>\n\n\n\n<h3 class=\"wp-block-heading\" id=\"h-certamen-de-la-villa-de-el-burgo-de-osma-nbsp-nbsp-nbsp-nbsp-nbsp-nbsp\">Certamen de la Villa de El Burgo de Osma&nbsp;&nbsp;&nbsp;&nbsp;&nbsp;&nbsp;<\/h3>\n\n\n\n<p>Categor\u00eda: Fotograf\u00eda, prosa y poes\u00eda.&nbsp;<\/p>\n\n\n\n<p>Edici\u00f3n (2025): XXVII&nbsp;<\/p>\n\n\n\n<p>Convoca: Ayuntamiento de El Burgo de Osma (Soria).&nbsp;<\/p>\n\n\n\n<p>Cl\u00e1usulas: el tema ser\u00e1 la villa de El Burgo de Osma. El formato de las fotograf\u00edas ser\u00e1 de 30x40cm. En la modalidad de poes\u00eda la extensi\u00f3n de las obras ser\u00e1 de entre 14 y 50 versos. La prosa ser\u00e1 descriptiva, narrativa o dram\u00e1tica, y con una extensi\u00f3n de entre tres y ocho folios.&nbsp;<\/p>\n\n\n\n<p>Plazo de presentaci\u00f3n: hasta el 28 de noviembre de 2025.&nbsp;<\/p>\n\n\n\n<p>Cuant\u00eda premio: 400, 200 y 100 euros en cada categor\u00eda.&nbsp;<\/p>\n\n\n\n<p><a href=\"https:\/\/www.burgodeosma.com\/convocado-el-xxvii-certamen-de-la-villa-de-el-burgo-de-osma\/\" target=\"_blank\" rel=\"noreferrer noopener\">Bases<\/a>&nbsp;<\/p>\n\n\n\n<h3 class=\"wp-block-heading\" id=\"h-certamen-literario-manuel-oreste-rodriguez-lopez-nbsp-nbsp-nbsp-nbsp-nbsp-nbsp\">Certamen Literario Manuel-Oreste Rodr\u00edguez L\u00f3pez&nbsp;&nbsp;&nbsp;&nbsp;&nbsp;&nbsp;<\/h3>\n\n\n\n<p>Categor\u00eda: Narrativa y poes\u00eda.&nbsp;<\/p>\n\n\n\n<p>Edici\u00f3n (2026): XXXI&nbsp;<\/p>\n\n\n\n<p>Convoca: Ayuntamiento de Paradela (Lugo).&nbsp;<\/p>\n\n\n\n<p>Cl\u00e1usulas: las obras de narrativa tendr\u00e1n una extensi\u00f3n m\u00e1xima de 20 folios, y las de poes\u00eda un m\u00e1ximo de 100 versos. Adem\u00e1s, habr\u00e1 una modalidad especial Camino de Santiago, con los mismo requisitos, en la que concurren de forma conjunta narrativa y poes\u00eda.&nbsp;<\/p>\n\n\n\n<p>Plazo de presentaci\u00f3n: hasta el 30 de noviembre de 2025.&nbsp;<\/p>\n\n\n\n<p>Cuant\u00eda premio: 1.000 euros (1\u00ba) y 500 euros (2\u00ba) en categor\u00edas narrativa y poes\u00eda, y 1.000 euros en la modalidad Camino de Santiago.&nbsp;<\/p>\n\n\n\n<p><a href=\"Bahttps:\/\/www.manuelrodriguezlopez.org\/sites\/default\/files\/Bases_XXXI_Certame_Literario.pdfses\">Bases&nbsp;<\/a><\/p>\n\n\n\n<h3 class=\"wp-block-heading\" id=\"h-certamenes-alcarria-literaria-nbsp-nbsp-nbsp-nbsp-nbsp-nbsp\">Cert\u00e1menes Alcarria Literaria&nbsp;&nbsp;&nbsp;&nbsp;&nbsp;&nbsp;<\/h3>\n\n\n\n<p>Categor\u00eda: Ensayo, narrativa de viajes y periodismo.&nbsp;<\/p>\n\n\n\n<p>Edici\u00f3n (2025): &#8211;&nbsp;<\/p>\n\n\n\n<p>Convoca: Diputaci\u00f3n Provincial de Guadalajara.&nbsp;<\/p>\n\n\n\n<p>Cl\u00e1usulas: los trabajos versar\u00e1n sobre los municipios alcarre\u00f1os de Brihuega, Cifuentes y Torija, o sobre el conjunto de la comarca. La extensi\u00f3n para las modalidades de ensayo y narrativa ser\u00e1 de entre 125 y 250 p\u00e1ginas.&nbsp;<\/p>\n\n\n\n<p>Plazo de presentaci\u00f3n: hasta el 30 de noviembre de 2025.&nbsp;<\/p>\n\n\n\n<p>Cuant\u00eda premio: 6.000 euros (ensayo y narrativa) y 4.500 euros (periodismo).&nbsp;<\/p>\n\n\n\n<p><a href=\"https:\/\/brihuega.es\/wp-content\/uploads\/2025\/09\/CONVOCATORIA-DEL-CERTAMEN-AL-CARRIA-LITERARIA-2025-EN-LAS-MODALIDADES-DE-ENSAYO-NARRATIVA-DE-VIAJES-Y-PERIODISMO.pdf\" target=\"_blank\" rel=\"noreferrer noopener\">Bases<\/a>&nbsp;<\/p>\n\n\n\n<h3 class=\"wp-block-heading\" id=\"h-certamen-de-pintura-y-escultura-alfonso-aramburu-terrades-nbsp-nbsp-nbsp-nbsp-nbsp-nbsp\">Certamen de Pintura y Escultura Alfonso Aramburu Terrades&nbsp;&nbsp;&nbsp;&nbsp;&nbsp;&nbsp;<\/h3>\n\n\n\n<p>Categor\u00eda: Pintura y escultura.&nbsp;<\/p>\n\n\n\n<p>Edici\u00f3n (2025): I&nbsp;<\/p>\n\n\n\n<p>Convoca: Fundaci\u00f3n Caja Rural del Sur.&nbsp;<\/p>\n\n\n\n<p>Cl\u00e1usulas: dirigido a artistas nacidos o residentes en Andaluc\u00eda que no hayan cumplido los 35 a\u00f1os.&nbsp;<\/p>\n\n\n\n<p>Plazo de presentaci\u00f3n: hasta el 30 de noviembre de 2025.&nbsp;<\/p>\n\n\n\n<p>Cuant\u00eda premio: 10.000 euros para cada categor\u00eda.&nbsp;<\/p>\n\n\n\n<p><a href=\"https:\/\/www.mundoarti.com\/concursos\/CRL3644\/premios-de-pintura-y-escultura-alfonso-aramburu-terrades-para-artistas-jovenes\/\" target=\"_blank\" rel=\"noreferrer noopener\">Bases<\/a>&nbsp;<\/p>\n\n\n\n<h2 class=\"wp-block-heading\" id=\"h-novela-grafica-nbsp\">NOVELA GR\u00c1FICA&nbsp;<\/h2>\n\n\n\n<h3 class=\"wp-block-heading\" id=\"h-premio-internacional-de-novela-grafica-fnac-salamandra-graphic-nbsp-nbsp-nbsp-nbsp-nbsp-nbsp\">Premio Internacional de Novela Gr\u00e1fica Fnac-Salamandra Graphic&nbsp;&nbsp;&nbsp;&nbsp;&nbsp;&nbsp;<\/h3>\n\n\n\n<p>Edici\u00f3n (2025): XIX&nbsp;<\/p>\n\n\n\n<p>Convoca: Fnac y Salamandra Graphic.&nbsp;<\/p>\n\n\n\n<p>Cl\u00e1usulas: modalidad c\u00f3mic en su formato de novela gr\u00e1fica. Env\u00edo de una propuesta de libro con un m\u00ednimo de 32 p\u00e1ginas acabadas y cuya extensi\u00f3n final ser\u00e1 de un m\u00ednimo de 96.&nbsp;<\/p>\n\n\n\n<p>Plazo de presentaci\u00f3n: hasta el 14 de noviembre de 2025.&nbsp;<\/p>\n\n\n\n<p>Cuant\u00eda premio: 20.000 euros.&nbsp;<\/p>\n\n\n\n<p><a href=\"https:\/\/static.fnac-static.com\/multimedia\/ES\/culturafnac\/descargas\/Bases-Premio-Fnac-Salamandra-Graphic-2026.pdf\" target=\"_blank\" rel=\"noreferrer noopener\">Bases<\/a>&nbsp;<\/p>\n\n\n\n<h2 class=\"wp-block-heading\" id=\"h-ensayo-nbsp\">ENSAYO&nbsp;<\/h2>\n\n\n\n<h3 class=\"wp-block-heading\" id=\"h-premio-de-no-ficcion-libros-del-asteroide-nbsp-nbsp-nbsp-nbsp-nbsp-nbsp-nbsp\">Premio de No Ficci\u00f3n Libros del Asteroide&nbsp;&nbsp;&nbsp;&nbsp;&nbsp;&nbsp;&nbsp;<\/h3>\n\n\n\n<p>Edici\u00f3n (2025): VI&nbsp;<\/p>\n\n\n\n<p>Convoca: Editorial Libros del Asteroide.&nbsp;<\/p>\n\n\n\n<p>Cl\u00e1usulas: el premio se otorga a un proyecto y no a una obra terminada. Se valorar\u00e1n propuestas de ensayo, memorias, biograf\u00eda o reportaje. La extensi\u00f3n de la obra final deber\u00e1 ser de entre 150.000 y 300.000 caracteres.&nbsp;<\/p>\n\n\n\n<p>Plazo de presentaci\u00f3n: hasta el 10 de noviembre de 2025.&nbsp;<\/p>\n\n\n\n<p>Cuant\u00eda premio: 10.000 euros.&nbsp;<\/p>\n\n\n\n<p><a href=\"https:\/\/librosdelasteroide.com\/actualidad-asteroide\/321\/se-abre-la-convocatoria-del-vi-premio-de-no-ficcion-libros-del-asteroide\" target=\"_blank\" rel=\"noreferrer noopener\">Bases<\/a>&nbsp;<\/p>\n\n\n\n<h3 class=\"wp-block-heading\" id=\"h-premio-de-ensayo-camino-de-santiago-academia-xacobea-nbsp-nbsp-nbsp-nbsp-nbsp-nbsp\">Premio de Ensayo \u00abCamino de Santiago\u00bb Academia Xacobea&nbsp;&nbsp;&nbsp;&nbsp;&nbsp;&nbsp;<\/h3>\n\n\n\n<p>Edici\u00f3n (2025): III&nbsp;<\/p>\n\n\n\n<p>Convoca: Academia Xacobea.&nbsp;<\/p>\n\n\n\n<p>Cl\u00e1usulas: obras de investigaci\u00f3n y divulgaci\u00f3n sobre el Camino de Santiago, con una extensi\u00f3n de entre 100 y 200 p\u00e1ginas.&nbsp;<\/p>\n\n\n\n<p>Plazo de presentaci\u00f3n: hasta el 29 de noviembre de 2025.&nbsp;<\/p>\n\n\n\n<p>Cuant\u00eda premio: 3.000 euros.&nbsp;<\/p>\n\n\n\n<p><a href=\"https:\/\/drive.google.com\/file\/d\/1AUSrOrPcvAjJauorG3npAmO6-8vAs9w9\/view\" target=\"_blank\" rel=\"noreferrer noopener\">Bases<\/a>&nbsp;<\/p>\n\n\n\n<h3 class=\"wp-block-heading\" id=\"h-premio-comillas-de-historia-biografia-y-memoria-nbsp-nbsp-nbsp-nbsp-nbsp-nbsp\">Premio Comillas de Historia, Biograf\u00eda y Memoria&nbsp;&nbsp;&nbsp;&nbsp;&nbsp;&nbsp;<\/h3>\n\n\n\n<p>Edici\u00f3n (2026): XXXVIII&nbsp;<\/p>\n\n\n\n<p>Convoca: Tusquets Editores.&nbsp;<\/p>\n\n\n\n<p>Cl\u00e1usulas: se valorar\u00e1n las obras que traten de temas y personajes de inter\u00e9s hist\u00f3rico, art\u00edstico, pol\u00edtico o cultural. La extensi\u00f3n m\u00ednima ser\u00e1 de 200 p\u00e1ginas.&nbsp;<\/p>\n\n\n\n<p>Plazo de presentaci\u00f3n: hasta el 30 de noviembre de 2025.&nbsp;<\/p>\n\n\n\n<p>Cuant\u00eda premio: 12.000 euros.&nbsp;<\/p>\n\n\n\n<p><a href=\"https:\/\/proassetspdlcom.cdnstatics2.com\/usuaris\/premios\/arxius\/1\/47_1_BasesPremioComillas2026.pdf\" target=\"_blank\" rel=\"noreferrer noopener\">Bases<\/a>&nbsp;<\/p>\n\n\n\n<h2 class=\"wp-block-heading\" id=\"h-pintura-nbsp\">PINTURA&nbsp;<\/h2>\n\n\n\n<h3 class=\"wp-block-heading\" id=\"h-certamen-de-pintura-adolfo-cordoba-dia-del-nispero-nbsp-nbsp-nbsp-nbsp-nbsp-nbsp\">Certamen de Pintura \u00abAdolfo C\u00f3rdoba\u00bb D\u00eda del N\u00edspero&nbsp;&nbsp;&nbsp;&nbsp;&nbsp;&nbsp;<\/h3>\n\n\n\n<p>Edici\u00f3n (2025): XXV&nbsp;<\/p>\n\n\n\n<p>Convoca: Ayuntamiento de Sayalonga (M\u00e1laga).&nbsp;<\/p>\n\n\n\n<p>Cl\u00e1usulas: el tema estar\u00e1 relacionado con Sayalonga y el N\u00edspero. La t\u00e9cnica ser\u00e1 libre, y el formato, vertical y con unas dimensiones m\u00ednimas de 61x50cm.&nbsp;<\/p>\n\n\n\n<p>Plazo de presentaci\u00f3n: hasta el 30 de noviembre de 2025.&nbsp;<\/p>\n\n\n\n<p>Cuant\u00eda premio: 2.000 euros.&nbsp;<\/p>\n\n\n\n<p><a href=\"https:\/\/www.mundoarti.com\/concursos\/CBR4213\/xxv-certamen-nacional-de-pintura-adolfo-cordoba-dia-del-nispero-2025\/?fbclid=IwY2xjawNTbFNleHRuA2FlbQIxMABicmlkETE4MEd4ZXJGV2w2Y05sY0NUAR7K_5L8x_OaWjeJ9AvdqG7F2_OswU_7K19QlorFJ4qmvqFW1q1gBUTMz-pmLw_aem_mZoeS3yoWpSR8cZqdeLp4w\" target=\"_blank\" rel=\"noreferrer noopener\">Bases<\/a>&nbsp;<\/p>\n\n\n\n<h3 class=\"wp-block-heading\" id=\"h-certamen-de-pintura-acor-nbsp-nbsp-nbsp-nbsp-nbsp-nbsp\">Certamen de Pintura ACOR&nbsp;&nbsp;&nbsp;&nbsp;&nbsp;&nbsp;<\/h3>\n\n\n\n<p>Edici\u00f3n (2025): XXVI&nbsp;<\/p>\n\n\n\n<p>Convoca: Sociedad Cooperativa General Agropecuaria ACOR.&nbsp;<\/p>\n\n\n\n<p>Cl\u00e1usulas: tem\u00e1tica y estilo libres. La t\u00e9cnica deber\u00e1 ser \u00f3leo o pintura acr\u00edlica, acuarela y mixta, y el formato no podr\u00e1 exceder los 200 cm en cualquiera de sus lados.&nbsp;<\/p>\n\n\n\n<p>Plazo de presentaci\u00f3n: hasta el 17 de noviembre de 2025.&nbsp;<\/p>\n\n\n\n<p>Cuant\u00eda premio: 6.000 euros.&nbsp;<\/p>\n\n\n\n<p><a href=\"https:\/\/www.mundoarti.com\/concursos\/CKX3172\/xxvi-certamen-de-pintura-acor\/\" target=\"_blank\" rel=\"noreferrer noopener\">Bases<\/a>&nbsp;<\/p>\n\n\n\n<h3 class=\"wp-block-heading\" id=\"h-premio-internacional-de-pintura-francisco-pedraja-munoz-nbsp-nbsp-nbsp-nbsp-nbsp-nbsp\">Premio Internacional de Pintura Francisco Pedraja Mu\u00f1oz&nbsp;&nbsp;&nbsp;&nbsp;&nbsp;&nbsp;<\/h3>\n\n\n\n<p>Edici\u00f3n (2025): III&nbsp;<\/p>\n\n\n\n<p>Convoca: Fundaci\u00f3n Caja Badajoz, Fundaci\u00f3n CB, Real Sociedad Econ\u00f3mica Extreme\u00f1a de Amigos del Pa\u00eds (RSEEAP).&nbsp;<\/p>\n\n\n\n<p>Cl\u00e1usulas: la tem\u00e1tica y la t\u00e9cnica ser\u00e1n libres.&nbsp;<\/p>\n\n\n\n<p>Plazo de presentaci\u00f3n: hasta el 9 de noviembre de 2025.&nbsp;<\/p>\n\n\n\n<p>Cuant\u00eda premio: 4.000 euros (1\u00ba), 2.000 euros (2\u00ba) y 1.000 euros (3\u00ba).&nbsp;<\/p>\n\n\n\n<p><a href=\"https:\/\/fundacioncb.es\/iii-premio-internacional-de-pintura-francisco-pedraja-munoz\/\" target=\"_blank\" rel=\"noreferrer noopener\">Bases<\/a>&nbsp;<\/p>\n\n\n\n<h3 class=\"wp-block-heading\" id=\"h-concurso-de-pintura-rapida-rincones-de-pedro-abad-nbsp-nbsp-nbsp-nbsp-nbsp\">Concurso de Pintura R\u00e1pida \u00abRincones de Pedro Abad\u00bb&nbsp;&nbsp;&nbsp;&nbsp;&nbsp;<\/h3>\n\n\n\n<p>Edici\u00f3n (2025): I&nbsp;<\/p>\n\n\n\n<p>Convoca: Ayuntamiento de Pedro Abad (C\u00f3rdoba).&nbsp;<\/p>\n\n\n\n<p>Cl\u00e1usulas: categor\u00edas general, local e infantil. Estilo y t\u00e9cnica libres, y tem\u00e1tica sobre Pedro Abad, sus paisajes, monumentos y calles.&nbsp;<\/p>\n\n\n\n<p>Plazo de presentaci\u00f3n: hasta el 8 de noviembre de 2025.&nbsp;<\/p>\n\n\n\n<p>Cuant\u00eda premio: 1.200 euros (1\u00ba), 1.000 euros (2\u00ba), 600 euros (3\u00ba) y otros premios de 500, 400, 200 y 100 euros.&nbsp;<\/p>\n\n\n\n<p><a href=\"https:\/\/www.mundoarti.com\/concursos\/CZA1127\/i-concurso-de-pintura-rapida-rincones-de-pedro-abad\/\" target=\"_blank\" rel=\"noreferrer noopener\">Bases<\/a>&nbsp;<\/p>\n\n\n\n<h3 class=\"wp-block-heading\" id=\"h-concurso-de-pintura-rapida-villa-de-lora-del-rio-manuel-urizal-nbsp-nbsp-nbsp-nbsp-nbsp-nbsp-nbsp\">Concurso de Pintura R\u00e1pida \u00abVilla de Lora del R\u00edo &#8211; Manuel Urizal\u00bb&nbsp;&nbsp;&nbsp;&nbsp;&nbsp;&nbsp;&nbsp;<\/h3>\n\n\n\n<p>Edici\u00f3n (2025): 15\u00aa&nbsp;<\/p>\n\n\n\n<p>Convoca: Ayuntamiento de Lora del R\u00edo (Sevilla).&nbsp;<\/p>\n\n\n\n<p>Cl\u00e1usulas: el tema ser\u00e1n los paisajes, costumbres y dem\u00e1s aspectos relacionados con Lora del R\u00edo y su entorno. Las dimensiones m\u00e1ximas ser\u00e1n de 150&#215;150 cm, y m\u00ednimas de 50&#215;70 cm.&nbsp;<\/p>\n\n\n\n<p>Plazo de presentaci\u00f3n: hasta el 6 de noviembre de 2025.&nbsp;<\/p>\n\n\n\n<p>Cuant\u00eda premio: 1.250 euros (1\u00ba), 1.000 euros (2\u00ba) y 850 euros (3\u00ba). Premio mejor autor local: 350 euros.&nbsp;<\/p>\n\n\n\n<p><a href=\"https:\/\/drive.google.com\/file\/d\/1d8_QM3FT_FtgmqlodtBpztTR8xdd3rsq\/view\" target=\"_blank\" rel=\"noreferrer noopener\">Bases<\/a>&nbsp;<\/p>\n\n\n\n<h2 class=\"wp-block-heading\" id=\"h-fotografia-nbsp\">FOTOGRAF\u00cdA&nbsp;<\/h2>\n\n\n\n<h3 class=\"wp-block-heading\" id=\"h-certamen-camara-en-mano-nbsp-nbsp-nbsp-nbsp-nbsp-nbsp-nbsp\">Certamen C\u00e1mara en Mano&nbsp;&nbsp;&nbsp;&nbsp;&nbsp;&nbsp;&nbsp;<\/h3>\n\n\n\n<p>Edici\u00f3n (2025): IV&nbsp;<\/p>\n\n\n\n<p>Convoca: Asociaci\u00f3n C\u00e1mara en Mano.&nbsp;<\/p>\n\n\n\n<p>Cl\u00e1usulas: tema libre. Pueden presentarse hasta tres obras.&nbsp;<\/p>\n\n\n\n<p>Plazo de presentaci\u00f3n: hasta el 16 de noviembre de 2025.&nbsp;<\/p>\n\n\n\n<p>Cuant\u00eda premio: 1.000 euros (1\u00ba), 500 euros (2\u00ba) y 300 euros (3\u00ba).&nbsp;<\/p>\n\n\n\n<p><a href=\"https:\/\/camaraenmano.org\/wp-content\/uploads\/2025\/09\/BASES-IV-Certamen-Camara-en-Mano-2025.pdf\" target=\"_blank\" rel=\"noreferrer noopener\">Bases<\/a>&nbsp;<\/p>\n\n\n\n<h3 class=\"wp-block-heading\" id=\"h-premio-de-fotografia-ambiental-nbsp-nbsp-nbsp-nbsp-nbsp-nbsp\">Premio de Fotograf\u00eda Ambiental&nbsp;&nbsp;&nbsp;&nbsp;&nbsp;&nbsp;<\/h3>\n\n\n\n<p>Edici\u00f3n (2026): 4\u00aa&nbsp;<\/p>\n\n\n\n<p>Convoca: Fundaci\u00f3n Pr\u00edncipe Alberto II de M\u00f3naco.&nbsp;<\/p>\n\n\n\n<p>Cl\u00e1usulas: cinco categor\u00edas: Regiones polares, Bosques, Oc\u00e9ano, Humanidad Vs Naturaleza y Creadores de cambios.&nbsp;<\/p>\n\n\n\n<p>Plazo de presentaci\u00f3n: hasta el 2 de noviembre de 2025.&nbsp;<\/p>\n\n\n\n<p>Cuant\u00eda premio: 5.000 euros y viaje a M\u00f3naco (1\u00ba), premios de 1.000 euros por categor\u00eda y premio del p\u00fablico: 500 euros.&nbsp;<\/p>\n\n\n\n<p><a href=\"https:\/\/www.fpa2photoaward.org\/en\/index\" target=\"_blank\" rel=\"noreferrer noopener\">Bases<\/a>&nbsp;<\/p>\n\n\n\n<h3 class=\"wp-block-heading\" id=\"h-concurso-fotografico-cadis-huesca-nbsp-nbsp-nbsp-nbsp-nbsp-nbsp\">Concurso Fotogr\u00e1fico CADIS Huesca&nbsp;&nbsp;&nbsp;&nbsp;&nbsp;&nbsp;<\/h3>\n\n\n\n<p>Edici\u00f3n (2025): XXVII&nbsp;<\/p>\n\n\n\n<p>Convoca: Coordinadora de Asociaciones de Personas con Discapacidad (CADIS) Huesca.&nbsp;<\/p>\n\n\n\n<p>Cl\u00e1usulas: Tema: \u00abDiscapacidad y Dependencia: maneras de vivirlas\u00bb. Las fotograf\u00edas en papel tendr\u00e1n un formato m\u00ednimo de 15&#215;20 cm y m\u00e1ximo de 30&#215;40 cm.&nbsp;<\/p>\n\n\n\n<p>Plazo de presentaci\u00f3n: hasta el 15 de noviembre de 2025.&nbsp;<\/p>\n\n\n\n<p>Cuant\u00eda premio: 400 euros (1\u00ba), 200 euros (2\u00ba) y 100 euros (3\u00ba).&nbsp;<\/p>\n\n\n\n<p><a href=\"https:\/\/cadishuesca.es\/areas-de-trabajo\/concurso-fotografico\/\" target=\"_blank\" rel=\"noreferrer noopener\">Bases<\/a>&nbsp;<\/p>\n\n\n\n<h2 class=\"wp-block-heading\" id=\"h-periodismo\">PERIODISMO<\/h2>\n\n\n\n<h3 class=\"wp-block-heading\" id=\"h-premio-perez-lugin\">Premio P\u00e9rez Lug\u00edn<\/h3>\n\n\n\n<p>Edici\u00f3n (2025): LXXXV<\/p>\n\n\n\n<p>Convoca: Asociaci\u00f3n de la Prensa de A Coru\u00f1a, colabora el Concello de A Coru\u00f1a.\u00a0<\/p>\n\n\n\n<p>Cl\u00e1usulas: Tema: Los textos que deben tratar la tem\u00e1tica \u00abDel tren a Lugo al AVE: 150 a\u00f1os de ferrocarril en A Coru\u00f1a\u00bb. S\u00f3lo se aceptar\u00e1 un escrito por participante y ser\u00e1n valorados todos los g\u00e9neros period\u00edsticos. Los textos deber\u00e1n ser in\u00e9ditos, tanto en gallego como en espa\u00f1ol y con una extensi\u00f3n m\u00e1xima de 5.100 caracteres.<\/p>\n\n\n\n<p>Plazo de presentaci\u00f3n: hasta el 30 de noviembre de 2025.<\/p>\n\n\n\n<p>Cuant\u00eda del premio: 3.000 euros.<\/p>\n\n\n\n<p><a href=\"https:\/\/apcoruna.com\/a-asociacion-da-prensa-da-coruna-abre-a-convocatoria-do-lxxxv-premio-perez-lugin-dedicado-ao-150-aniversario-da-chegada-do-tren\/?fbclid=IwY2xjawOBm9pleHRuA2FlbQIxMABicmlkETEyTlQzTFoybEFTTnBZYkpGc3J0YwZhcHBfaWQQMjIyMDM5MTc4ODIwMDg5MgABHpQTUwvpnEh6_PVZZJExpCUWmD6CZYCd7dVdd8_l8AW3oNhjyXIE8Ic0F362_aem_sMKI3g5HZT4dyX-3cuCBQw\">Bases<\/a><\/p>\n","protected":false},"excerpt":{"rendered":"<p>Adjuntamos todas las claves de los 36 concursos cuya presentaci\u00f3n de originales finaliza a lo largo de noviembre.\u00a0<\/p>\n","protected":false},"author":29,"featured_media":13367,"comment_status":"open","ping_status":"open","sticky":false,"template":"","format":"standard","meta":{"_acf_changed":false,"footnotes":""},"categories":[290],"tags":[231],"class_list":{"0":"post-13366","1":"post","2":"type-post","3":"status-publish","4":"format-standard","5":"has-post-thumbnail","7":"category-agenda-de-concursos","8":"tag-concursos"},"acf":[],"_links":{"self":[{"href":"https:\/\/www.safecreative.org\/tips\/es\/wp-json\/wp\/v2\/posts\/13366","targetHints":{"allow":["GET"]}}],"collection":[{"href":"https:\/\/www.safecreative.org\/tips\/es\/wp-json\/wp\/v2\/posts"}],"about":[{"href":"https:\/\/www.safecreative.org\/tips\/es\/wp-json\/wp\/v2\/types\/post"}],"author":[{"embeddable":true,"href":"https:\/\/www.safecreative.org\/tips\/es\/wp-json\/wp\/v2\/users\/29"}],"replies":[{"embeddable":true,"href":"https:\/\/www.safecreative.org\/tips\/es\/wp-json\/wp\/v2\/comments?post=13366"}],"version-history":[{"count":7,"href":"https:\/\/www.safecreative.org\/tips\/es\/wp-json\/wp\/v2\/posts\/13366\/revisions"}],"predecessor-version":[{"id":13626,"href":"https:\/\/www.safecreative.org\/tips\/es\/wp-json\/wp\/v2\/posts\/13366\/revisions\/13626"}],"wp:featuredmedia":[{"embeddable":true,"href":"https:\/\/www.safecreative.org\/tips\/es\/wp-json\/wp\/v2\/media\/13367"}],"wp:attachment":[{"href":"https:\/\/www.safecreative.org\/tips\/es\/wp-json\/wp\/v2\/media?parent=13366"}],"wp:term":[{"taxonomy":"category","embeddable":true,"href":"https:\/\/www.safecreative.org\/tips\/es\/wp-json\/wp\/v2\/categories?post=13366"},{"taxonomy":"post_tag","embeddable":true,"href":"https:\/\/www.safecreative.org\/tips\/es\/wp-json\/wp\/v2\/tags?post=13366"}],"curies":[{"name":"wp","href":"https:\/\/api.w.org\/{rel}","templated":true}]}}