{"id":10688,"date":"2025-04-29T15:00:00","date_gmt":"2025-04-29T13:00:00","guid":{"rendered":"https:\/\/www.safecreative.org\/tips\/es\/?p=10688"},"modified":"2026-02-20T07:12:37","modified_gmt":"2026-02-20T06:12:37","slug":"los-concursos-a-los-que-puedes-presentarte-en-mayo","status":"publish","type":"post","link":"https:\/\/www.safecreative.org\/tips\/es\/los-concursos-a-los-que-puedes-presentarte-en-mayo\/","title":{"rendered":"Los concursos a los que puedes presentarte en mayo"},"content":{"rendered":"\n<p>Mayo es un mes propicio para la creaci\u00f3n art\u00edstica, con decenas de cert\u00e1menes de distintas categor\u00edas que a lo largo de estas semanas finalizan sus plazos de presentaci\u00f3n de originales. A continuaci\u00f3n, os adjuntamos todas las claves de 28 reconocidos concursos para autores espa\u00f1oles cuyas convocatorias expiran durante este mes, y que abarcan desde las principales modalidades literarias hasta pintura, fotograf\u00eda, c\u00f3mic o cortometraje. Aprovecha la oportunidad, elige tu categor\u00eda y participa con tu creaci\u00f3n antes de que finalice el plazo.&nbsp;<\/p>\n\n\n\n<h2 class=\"wp-block-heading\">NOVELA\u00a0<\/h2>\n\n\n\n<h3 class=\"wp-block-heading\">Premio de Novela Ciudad de Estepona\u00a0<\/h3>\n\n\n\n<p>Edici\u00f3n: 4\u00aa (2025)\u00a0<\/p>\n\n\n\n<p>Convoca: Fundaci\u00f3n Manuel Alc\u00e1ntara y Ayuntamiento de Estepona (M\u00e1laga).\u00a0<\/p>\n\n\n\n<p>Cl\u00e1usula: las obras deber\u00e1n tener una extensi\u00f3n m\u00ednima de 150 p\u00e1ginas y m\u00e1xima de 300.\u00a0<\/p>\n\n\n\n<p>Plazo de presentaci\u00f3n: hasta el 10 de mayo de 2025.\u00a0<\/p>\n\n\n\n<p>Cuant\u00eda premio: 25.000 euros.&nbsp;<\/p>\n\n\n\n<p>Bases <a href=\"https:\/\/manuelalcantara.org\/2025\/04\/03\/los-escritores-david-ucles-ignacio-martinez-de-pison-y-laura-ferrero-se-incorporan-al-jurado-del-iv-premio-de-novela-ciudad-de-estepona-que-abre-su-convocatoria\/\" target=\"_blank\" rel=\"noreferrer noopener\">Premio de Novela Ciudad de Estepona<\/a>.\u00a0<\/p>\n\n\n\n<h3 class=\"wp-block-heading\">Premio Eurostars Hotels\u00a0<\/h3>\n\n\n\n<p>Edici\u00f3n: 20\u00aa (2025)&nbsp;<\/p>\n\n\n\n<p>Convoca: Grupo Hotusa.&nbsp;<\/p>\n\n\n\n<p>Tema: Narrativa de viajes&nbsp;<\/p>\n\n\n\n<p>Cl\u00e1usula: extensi\u00f3n de un m\u00ednimo de 200.000 caracteres con espacios y un m\u00e1ximo de 350.000.\u00a0<\/p>\n\n\n\n<p>Plazo de presentaci\u00f3n: hasta el 12 de mayo de 2025.\u00a0<\/p>\n\n\n\n<p>Cuant\u00eda premio: 25.000 euros.&nbsp;<\/p>\n\n\n\n<p>Bases <a href=\"https:\/\/www.premioeurostarsnarrativa.com\/bases.html\" target=\"_blank\" rel=\"noreferrer noopener\">Premio Eurostars Hotels<\/a>.\u00a0<\/p>\n\n\n\n<h3 class=\"wp-block-heading\">Premio Nacional de Novela Ateneo Mercantil de Valencia\u00a0<\/h3>\n\n\n\n<p>Edici\u00f3n: VIII (2025)&nbsp;<\/p>\n\n\n\n<p>Convoca: Ateneo Mercantil de Valencia y Grupo Editorial Ol\u00e9 Libros.&nbsp;<\/p>\n\n\n\n<p>Cl\u00e1usula: extensi\u00f3n de un m\u00ednimo de 200 p\u00e1ginas y un m\u00e1ximo de 300.\u00a0<\/p>\n\n\n\n<p>Plazo de presentaci\u00f3n: ampliado hasta el 30 de mayo de 2025.\u00a0<\/p>\n\n\n\n<p>Cuant\u00eda premio: 8.000 euros.&nbsp;<\/p>\n\n\n\n<p>Bases <a href=\"https:\/\/www.ateneovalencia.es\/viii-premio-nacional-de-novela-ateneo-mercantil-de-valencia-2025\/\" target=\"_blank\" rel=\"noreferrer noopener\">Premio Nacional de Novela Ateneo Mercantil de Valencia<\/a>.\u00a0\u00a0\u00a0<\/p>\n\n\n\n<h2 class=\"wp-block-heading\">POESIA\u00a0<\/h2>\n\n\n\n<h3 class=\"wp-block-heading\">Premio Internacional de Poes\u00eda Carlos Oroza\u00a0<\/h3>\n\n\n\n<p>Edici\u00f3n: 2\u00aa (2025)&nbsp;<\/p>\n\n\n\n<p>Convoca: Asociaci\u00f3n \u00c9vame Oroza.&nbsp;<\/p>\n\n\n\n<p>Participantes: j\u00f3venes autores de entre 18 y 35 a\u00f1os.\u00a0<\/p>\n\n\n\n<p>Cl\u00e1usulas: dos modalidades: lengua castellana y gallega. Las obras ser\u00e1n de tema libre y con una extensi\u00f3n m\u00ednima de 500 versos.\u00a0<\/p>\n\n\n\n<p>Plazo de presentaci\u00f3n: hasta el 18 de mayo de 2025.\u00a0<\/p>\n\n\n\n<p>Cuant\u00eda premio: 6.000 euros.&nbsp;<\/p>\n\n\n\n<p>Bases <a href=\"https:\/\/evame.org\/images\/premios\/2025\/bases-premio-2025-castellano.pdf\" target=\"_blank\" rel=\"noreferrer noopener\">Premio Internacional de Poes\u00eda Carlos Oroza<\/a>.\u00a0<\/p>\n\n\n\n<h3 class=\"wp-block-heading\">Premio Internacional de Poes\u00eda Fundaci\u00f3n LOEWE\u00a0<\/h3>\n\n\n\n<p>Edici\u00f3n: 38\u00aa (2025)&nbsp;<\/p>\n\n\n\n<p>Convoca: Fundaci\u00f3n LOEWE.&nbsp;<\/p>\n\n\n\n<p>Cl\u00e1usulas: abierto a autores de cualquier nacionalidad. Extensi\u00f3n m\u00ednima de 300 versos.\u00a0\u00a0\u00a0<\/p>\n\n\n\n<p>Plazo de presentaci\u00f3n: hasta el 21 de mayo de 2025.\u00a0<\/p>\n\n\n\n<p>Cuant\u00eda premio: 30.000 euros. Premio Creaci\u00f3n Joven (menores de 33 a\u00f1os): 12.000 euros.&nbsp;<\/p>\n\n\n\n<p>Bases <a href=\"https:\/\/premiopoesia.loewe.com\/docs\/XXXVIII_BASES_PREMIO_POESIA_digital.pdf\" target=\"_blank\" rel=\"noreferrer noopener\">Premio Internacional de Poes\u00eda Fundaci\u00f3n LOEWE<\/a>.\u00a0<\/p>\n\n\n\n<h3 class=\"wp-block-heading\">Premio Internacional de Poes\u00eda Antonio Gala\u00a0<\/h3>\n\n\n\n<p>Edici\u00f3n: XIX (2025)&nbsp;<\/p>\n\n\n\n<p>Convoca: Ayuntamiento de Alhaur\u00edn el Grande (M\u00e1laga).&nbsp;<\/p>\n\n\n\n<p>Participantes: j\u00f3venes autores de entre 18 y 35 a\u00f1os.\u00a0<\/p>\n\n\n\n<p>Plazo de presentaci\u00f3n: hasta el 21 de mayo de 2025.\u00a0<\/p>\n\n\n\n<p>Cuant\u00eda premio: 6.000 euros y escultura conmemorativa.&nbsp;<\/p>\n\n\n\n<p>Bases <a href=\"https:\/\/alhaurinelgrande.es\/abierto-el-plazo-para-participar-en-el-xix-premio-internacional-de-poesia-antonio-gala\/\" target=\"_blank\" rel=\"noreferrer noopener\">Premio Internacional de Poes\u00eda Antonio Gala<\/a>.\u00a0<\/p>\n\n\n\n<h3 class=\"wp-block-heading\">Premio Blas de Otero-\u00c1ngela Figuera\u00a0<\/h3>\n\n\n\n<p>Edici\u00f3n: 18\u00aa (2025)&nbsp;<\/p>\n\n\n\n<p>Convoca: Ayuntamiento de Bilbao.&nbsp;<\/p>\n\n\n\n<p>Cl\u00e1usulas: extensi\u00f3n m\u00ednima de 500 versos y m\u00e1xima de 850. El tema, la rima y la medida ser\u00e1n libres.\u00a0<\/p>\n\n\n\n<p>Plazo de presentaci\u00f3n: hasta el 30 de mayo de 2025.\u00a0<\/p>\n\n\n\n<p>Cuant\u00eda premio: 5.500 euros.&nbsp;<\/p>\n\n\n\n<p>Bases <a href=\"http:\/\/www.bilbao.eus\/cs\/Satellite?c=BIO_Evento_FA&amp;cid=1279239850079&amp;language=es&amp;pageid=3000094681&amp;pagename=Bilbaonet\/BIO_Evento_FA\/BIO_Evento\" target=\"_blank\" rel=\"noreferrer noopener\">Premio Blas de Otero-\u00c1ngela Figuera<\/a>.\u00a0\u00a0\u00a0<\/p>\n\n\n\n<h3 class=\"wp-block-heading\">Premio de Poes\u00eda Joven Victoriano Cr\u00e9mer\u00a0<\/h3>\n\n\n\n<p>Edici\u00f3n: 1\u00aa (2025)&nbsp;<\/p>\n\n\n\n<p>Convoca: Ayuntamiento de Le\u00f3n.&nbsp;<\/p>\n\n\n\n<p>Cl\u00e1usulas: para escritores entre 18 y 35 a\u00f1os.\u00a0\u00a0\u00a0<\/p>\n\n\n\n<p>Plazo de presentaci\u00f3n: hasta el 30 de mayo de 2025.\u00a0<\/p>\n\n\n\n<p>Cuant\u00eda premio: 3.000 euros.&nbsp;<\/p>\n\n\n\n<p>Bases <a href=\"https:\/\/aversopoesia.com\/premios\/\" target=\"_blank\" rel=\"noreferrer noopener\">Premio de Poes\u00eda Joven Victoriano Cr\u00e9mer<\/a>.\u00a0\u00a0\u00a0\u00a0\u00a0<\/p>\n\n\n\n<h2 class=\"wp-block-heading\">RELATO\u00a0<\/h2>\n\n\n\n<h3 class=\"wp-block-heading\">Premio \u00c1guilas de Relato Breve\u00a0<\/h3>\n\n\n\n<p>Edici\u00f3n: IX (2025)&nbsp;<\/p>\n\n\n\n<p>Convoca: Ayuntamiento de \u00c1guilas (Murcia).&nbsp;<\/p>\n\n\n\n<p>Cl\u00e1usulas: tem\u00e1tica libre, extensi\u00f3n de entre 10 y 25 p\u00e1ginas.\u00a0<\/p>\n\n\n\n<p>Plazo de presentaci\u00f3n: hasta el 16 de mayo de 2025.\u00a0<\/p>\n\n\n\n<p>Cuant\u00eda premio: 2.000 euros (primer premio) y 500 euros (segundo y tercer premio).&nbsp;<\/p>\n\n\n\n<p>Bases <a href=\"https:\/\/www.mundoarti.com\/concursos\/CZJ3707\/ix-premio-guilas-de-relato-breve-2025\/\" target=\"_blank\" rel=\"noreferrer noopener\">Premio \u00c1nguilas de Relato Breve<\/a>.\u00a0\u00a0<\/p>\n\n\n\n<h3 class=\"wp-block-heading\">Premio Emilia Pardo Baz\u00e1n Relato Hist\u00f3rico\u00a0<\/h3>\n\n\n\n<p>Edici\u00f3n: 3\u00aa (2025)&nbsp;<\/p>\n\n\n\n<p>Convoca: Real Asociaci\u00f3n de Hidalgos de Espa\u00f1a y C\u00e1tedra Vargas Llosa.&nbsp;<\/p>\n\n\n\n<p>Cl\u00e1usulas: tem\u00e1tica libre, pero ajustada a un contexto hist\u00f3rico que forme parte relevante de la trama. Extensi\u00f3n m\u00e1xima de 15 folios A4 a doble espacio.\u00a0<\/p>\n\n\n\n<p>Plazo de presentaci\u00f3n: Hasta el 31 de mayo de 2025.&nbsp;<\/p>\n\n\n\n<p>Cuant\u00eda premio: 10.000 euros.&nbsp;<\/p>\n\n\n\n<p>Bases <a href=\"https:\/\/catedravargasllosa.org\/inicio\/index.php\/todos-los-premios\/premio-de-relato-historico\/%20\" target=\"_blank\" rel=\"noreferrer noopener\">Premio Emilia Pardo Baz\u00e1n Relato Hist\u00f3rico<\/a>.\u00a0\u00a0\u00a0<\/p>\n\n\n\n<h2 class=\"wp-block-heading\">VARIAS CATEGORIAS\u00a0<\/h2>\n\n\n\n<h3 class=\"wp-block-heading\">Concurso EMT \u00abSue\u00f1a, Madrid, la noche es nuestra\u00bb<\/h3>\n\n\n\n<p>Modalidades: Microrrelatos y fotograf\u00edas.&nbsp;<\/p>\n\n\n\n<p>Edici\u00f3n: IX&nbsp;<\/p>\n\n\n\n<p>Convoca: Empresa Municipal de Transportes de Madrid.&nbsp;<\/p>\n\n\n\n<p>Cl\u00e1usulas: el tema debe guardar relaci\u00f3n con la red de autobuses municipales nocturnos, que este a\u00f1o cumplen su 50\u00ba aniversario. Los microrrelatos tendr\u00e1n un m\u00e1ximo de 200 palabras. Las fotograf\u00edas subidas a Instagram deber\u00e1n incluir un t\u00edtulo y el <em>hashtag<\/em> #LaNocheEsNuestra.\u00a0<\/p>\n\n\n\n<p>Participantes: mayores de 18 a\u00f1os.\u00a0<\/p>\n\n\n\n<p>Plazo de presentaci\u00f3n: hasta el 23 de mayo de 2025.\u00a0<\/p>\n\n\n\n<p>Cuant\u00eda premio: Microrrelatos: 350 euros (primer premio), 250 euros (segundo) y 150 euros (votaci\u00f3n popular Facebook); Fotograf\u00edas: 250 euros (primer premio) y 150 euros (votaci\u00f3n popular Instagram).&nbsp;<\/p>\n\n\n\n<p>Bases <a href=\"https:\/\/www.escritores.org\/recursos-para-escritores\/40386-ix-concurso-de-microrrelatos-y-fotografias-de-emt\" target=\"_blank\" rel=\"noreferrer noopener\">Concurso EMT \u00abSue\u00f1a, Madrid, la noche es nuestra\u00bb<\/a>.\u00a0<\/p>\n\n\n\n<h3 class=\"wp-block-heading\">Premio Complutense de Literatura 2025\u00a0<\/h3>\n\n\n\n<p>Modalidades: Narrativa y poes\u00eda.&nbsp;<\/p>\n\n\n\n<p>Edici\u00f3n: (2025)&nbsp;<\/p>\n\n\n\n<p>Convoca: Universidad Complutense de Madrid.&nbsp;<\/p>\n\n\n\n<p>Participantes: estudiantes universitarios o egresados de cualquier universidad espa\u00f1ola o extranjera, con edad entre los 18 y 35 a\u00f1os.\u00a0<\/p>\n\n\n\n<p>Plazo de presentaci\u00f3n: hasta el 26 de mayo de 2025.\u00a0<\/p>\n\n\n\n<p>Cuant\u00eda premio: 3.000 euros (cada modalidad).&nbsp;<\/p>\n\n\n\n<p>Bases <a href=\"https:\/\/www.ucm.es\/cultura\/premio-complutense-de-literatura-2025\" target=\"_blank\" rel=\"noreferrer noopener\">Premio Complutense de Literatura<\/a>.\u00a0<\/p>\n\n\n\n<h3 class=\"wp-block-heading\">Concursos y cert\u00e1menes Ciudad de Martos\u00a0\u00a0\u00a0<\/h3>\n\n\n\n<p>Modalidades: Relato, pintura y fotograf\u00eda.&nbsp;<\/p>\n\n\n\n<p>Edici\u00f3n: XLIX (relato); LIII (pintura); y XLIII (fotograf\u00eda).&nbsp;<\/p>\n\n\n\n<p>Convoca: Ayuntamiento de Martos (Ja\u00e9n).&nbsp;<\/p>\n\n\n\n<p>Cl\u00e1usulas: la extensi\u00f3n de los relatos no podr\u00e1 ser superior a 10 p\u00e1ginas; el tama\u00f1o de la obra pict\u00f3rica no podr\u00e1 ser superior a dos metros en su lado mayor; cada concursante en la categor\u00eda de fotograf\u00eda podr\u00e1 presentar un m\u00e1ximo de tres instant\u00e1neas.\u00a0<\/p>\n\n\n\n<p>Plazo de presentaci\u00f3n: hasta el 27 de mayo de 2025.\u00a0<\/p>\n\n\n\n<p>Cuant\u00eda premio: Relato: 3.000 euros; Pintura: 4.000 euros; y Fotograf\u00eda: 300 euros (primero), 200 euros (segundo) y 100 euros (tercero).&nbsp;<\/p>\n\n\n\n<p>Bases <a href=\"https:\/\/martos.es\/convocatoria-de-martos-cultural-2025\/\" target=\"_blank\" rel=\"noreferrer noopener\">Cert\u00e1menes Ciudad de Marto<\/a>.<\/p>\n\n\n\n<h3 class=\"wp-block-heading\">Certamen Nacional de las Letras Isabel Ag\u00fcera Ciudad de Villa del R\u00edo\u00a0<\/h3>\n\n\n\n<p>Modalidades: Cuento, poes\u00eda y teatro.&nbsp;<\/p>\n\n\n\n<p>Edici\u00f3n (2025): 30\u00aa (novela), 10\u00aa (poes\u00eda) y 10\u00aa (teatro)&nbsp;<\/p>\n\n\n\n<p>Convoca: Ayuntamiento Villa de R\u00edo (C\u00f3rdoba).&nbsp;<\/p>\n\n\n\n<p>Cl\u00e1usulas: los cuentos tendr\u00e1n una extensi\u00f3n de entre cinco y 10 p\u00e1ginas; los poemas, entre 200 y 400 versos de m\u00e9trica y rima libre;\u00a0 entre 25.000 y 37.500 palabras; la modalidad de poes\u00eda, entre 300 y 600 versos; y las obras de teatro, entre 15 y 25 folios.\u00a0<\/p>\n\n\n\n<p>Plazo de presentaci\u00f3n: hasta el 30 de mayo de 2025.\u00a0<\/p>\n\n\n\n<p>Cuant\u00eda premio: 1.000 euros (para cada modalidad).&nbsp;<\/p>\n\n\n\n<p>Bases <a href=\"https:\/\/villadelrio.es\/cultura-certamen-nacional-de-las-letras-isabel-aguera-ciudad-de-villa-del-rio-2025\" target=\"_blank\" rel=\"noreferrer noopener\">Certamen Nacional de las Letras Isabel Ag\u00fcera<\/a>.\u00a0\u00a0\u00a0\u00a0<\/p>\n\n\n\n<h2 class=\"wp-block-heading\">PINTURA Y DIBUJO\u00a0<\/h2>\n\n\n\n<h3 class=\"wp-block-heading\">Concurso de Pintura Mural Municipio de Carrizo\u00a0<\/h3>\n\n\n\n<p>Modalidad: Pintura mural.&nbsp;<\/p>\n\n\n\n<p>Edici\u00f3n: 1\u00aa&nbsp;<\/p>\n\n\n\n<p>Convoca: Ayuntamiento de Carrizo (Le\u00f3n).&nbsp;<\/p>\n\n\n\n<p>Cl\u00e1usulas: tem\u00e1tica libre, pero se valorar\u00e1 que est\u00e9 centrado en la cultura y las tradiciones del municipio.\u00a0<\/p>\n\n\n\n<p>Plazo de solicitud: env\u00edo bocetos hasta el 15 de mayo de 2025 (la ejecuci\u00f3n podr\u00e1 entregarse hasta el 4 de julio).&nbsp;<\/p>\n\n\n\n<p>Cuant\u00eda premio: 3.000 euros.&nbsp;<\/p>\n\n\n\n<p>Bases <a href=\"https:\/\/aytocarrizo.es\/wp-content\/uploads\/2025\/03\/BASES-DEL-CONCURSO-DE-PINTURA-MURAL-MUNICIPIO-DE-CARRIZO-2025-1.pdf\" target=\"_blank\" rel=\"noreferrer noopener\">Concurso de Pintura Mural de Carrizo<\/a>.\u00a0\u00a0\u00a0\u00a0<\/p>\n\n\n\n<h3 class=\"wp-block-heading\">Certamen de Dibujo Gregorio Prieto\u00a0<\/h3>\n\n\n\n<p>Modalidad: Dibujo.&nbsp;<\/p>\n\n\n\n<p>Edici\u00f3n: XXVII&nbsp;<\/p>\n\n\n\n<p>Convoca: Fundaci\u00f3n Gregorio Prieto.&nbsp;<\/p>\n\n\n\n<p>Cl\u00e1usulas: cada artista podr\u00e1 presentar un m\u00e1ximo de dos dibujos. Sus dimensiones no ser\u00e1n superiores a 200&#215;200 cm.\u00a0<\/p>\n\n\n\n<p>Plazo de presentaci\u00f3n: hasta el 18 de mayo de 2025.\u00a0<\/p>\n\n\n\n<p>Cuant\u00eda premio: 8.000 euros (primer premio) y 4.000 euros (segundo).&nbsp;<\/p>\n\n\n\n<p>Bases <a href=\"https:\/\/gregorioprieto.org\/wp-content\/uploads\/Bases_XXVII_certamen_dibujo_Gregorio_Prieto-2025-2026.pdf\" target=\"_blank\" rel=\"noreferrer noopener\">Certamen de Dibujo Gregorio Prieto<\/a>.\u00a0<\/p>\n\n\n\n<h3 class=\"wp-block-heading\">Concurso de Pintura Bodegas Zifar\u00a0<\/h3>\n\n\n\n<p>Edici\u00f3n: 2\u00aa&nbsp;<\/p>\n\n\n\n<p>Convoca: Bodegas Zifar.&nbsp;<\/p>\n\n\n\n<p>Participantes: artistas mayores de 18 a\u00f1os residentes en Espa\u00f1a.\u00a0<\/p>\n\n\n\n<p>Cl\u00e1usulas: t\u00e9cnica y tem\u00e1tica libre. Dimensiones entre 100&#215;100 cm y 200&#215;200 cm.\u00a0<\/p>\n\n\n\n<p>Plazo de presentaci\u00f3n: hasta el 15 de mayo de 2025.\u00a0<\/p>\n\n\n\n<p>Cuant\u00eda premio: 2.500 euros (primer premio), 1.250 euros (segundo) y 750 euros (tercero).&nbsp;<\/p>\n\n\n\n<p>Bases <a href=\"https:\/\/www.mundoarti.com\/concursos\/CAK7421\/ii-concurso-de-pintura-bodegas-zifar\/\" target=\"_blank\" rel=\"noreferrer noopener\">Concurso de Pintura Bodegas Zifar<\/a>.\u00a0\u00a0\u00a0<\/p>\n\n\n\n<h3 class=\"wp-block-heading\">Premio Nacional de Pintura Fundaci\u00f3n Mainel\u00a0<\/h3>\n\n\n\n<p>Edici\u00f3n: XXVIII&nbsp;<\/p>\n\n\n\n<p>Convoca: Fundaci\u00f3n Mainel.&nbsp;<\/p>\n\n\n\n<p>Participantes: artistas de cualquier nacionalidad, nacidos despu\u00e9s del 31 de diciembre de 1989.\u00a0<\/p>\n\n\n\n<p>Cl\u00e1usulas: cada artista podr\u00e1 presentar una sola obra, con dimensiones no superiores a 150&#215;150 cm.\u00a0<\/p>\n\n\n\n<p>Plazo de presentaci\u00f3n: hasta el 23 de mayo de 2025.\u00a0<\/p>\n\n\n\n<p>Cuant\u00eda premio: 5.000 euros (primer premio) y 2.000 euros (segundo).&nbsp;<\/p>\n\n\n\n<p>Bases <a href=\"https:\/\/mainel.org\/wp-content\/uploads\/Bases-28-Premio-Pintura-Mainel.pdf\" target=\"_blank\" rel=\"noreferrer noopener\">Premio Nacional de Pintura Fundaci\u00f3n Mainel<\/a>.\u00a0<\/p>\n\n\n\n<h3 class=\"wp-block-heading\">Concurso Internacional de Pintura Villa de Fuente \u00c1lamo\u00a0<\/h3>\n\n\n\n<p>Edici\u00f3n: 53\u00aa&nbsp;<\/p>\n\n\n\n<p>Convoca: Ayuntamiento de Fuente \u00c1lamo (Murcia).&nbsp;<\/p>\n\n\n\n<p>Cl\u00e1usulas: tema y t\u00e9cnica libre. Las medidas no podr\u00e1n exceder de 200&#215;100 cm.\u00a0<\/p>\n\n\n\n<p>Plazo de presentaci\u00f3n: hasta el 25 de mayo de 2025.\u00a0<\/p>\n\n\n\n<p>Cuant\u00eda premio: 16.000 euros (primer premio) y 4.000 euros (segundo).&nbsp;<\/p>\n\n\n\n<p>Bases <a href=\"https:\/\/ayto-fuentealamo.es\/bases53edicionconcursodepintura\/\" target=\"_blank\" rel=\"noreferrer noopener\">Concurso Internacional de Pintura Villa de Fuente \u00c1lamo<\/a>.\u00a0\u00a0\u00a0\u00a0<\/p>\n\n\n\n<h2 class=\"wp-block-heading\">FOTOGRAF\u00cdA\u00a0<\/h2>\n\n\n\n<h3 class=\"wp-block-heading\">Certamen Nacional de Fotograf\u00eda \u00abCiudad de Torrej\u00f3n de Ardoz\u00bb\u00a0<\/h3>\n\n\n\n<p>Edici\u00f3n: IX&nbsp;<\/p>\n\n\n\n<p>Convoca: Ayuntamiento de Torrej\u00f3n de Ardoz (Madrid).&nbsp;<\/p>\n\n\n\n<p>Participantes: mayores de 18 a\u00f1os residentes en Espa\u00f1a.\u00a0<\/p>\n\n\n\n<p>Plazo de presentaci\u00f3n: hasta el 8 de mayo de 2025.\u00a0<\/p>\n\n\n\n<p>Cuant\u00eda premio: 1.200 euros.&nbsp;<\/p>\n\n\n\n<p>Bases <a href=\"https:\/\/www.mundoarti.com\/concursos\/CDU3634\/ix-certamen-nacional-de-fotografa-ciudad-de-torrejn-de-ardoz\/\" target=\"_blank\" rel=\"noreferrer noopener\">Certamen Nacional de Fotograf\u00eda \u00abCiudad de Torrej\u00f3n de Ardoz\u00bb<\/a>.\u00a0\u00a0\u00a0<\/p>\n\n\n\n<h3 class=\"wp-block-heading\">Premio Internacional de Fotograf\u00eda Santiago Castelo\u00a0<\/h3>\n\n\n\n<p>Edici\u00f3n: IX&nbsp;<\/p>\n\n\n\n<p>Convoca: Asociaci\u00f3n de Extremadura para la Unesco.&nbsp;<\/p>\n\n\n\n<p>Participantes: fot\u00f3grafos aficionados o profesionales de cualquier nacionalidad, presentando un m\u00e1ximo de dos obras.\u00a0<\/p>\n\n\n\n<p>Cl\u00e1usulas: obras que ofrezcan nuevas visiones de la riqueza cultural, monumental, paisaj\u00edstica y humana de la regi\u00f3n EUROACE.\u00a0<\/p>\n\n\n\n<p>Plazo de presentaci\u00f3n: hasta el 11 de mayo de 2025.\u00a0<\/p>\n\n\n\n<p>Cuant\u00eda premio: 4.000 euros (y 600 euros para el autor seleccionado con menci\u00f3n de honor).&nbsp;<\/p>\n\n\n\n<p>Bases <a href=\"https:\/\/www.mundoarti.com\/concursos\/CDF2591\/ix-premio-internacional-de-fotografa-santiago-castelo-2025\/\" target=\"_blank\" rel=\"noreferrer noopener\">Premio Internacional de Fotograf\u00eda Santiago Castelo<\/a>.\u00a0<\/p>\n\n\n\n<h3 class=\"wp-block-heading\">Concurso Internacional de Fotograf\u00eda en Blanco y Negro Museo de Le\u00f3n\u00a0<\/h3>\n\n\n\n<p>Edici\u00f3n: XI (2025)&nbsp;<\/p>\n\n\n\n<p>Convoca: Museo de Le\u00f3n.&nbsp;<\/p>\n\n\n\n<p>Cl\u00e1usulas: fotograf\u00edas en blanco y negro.\u00a0<\/p>\n\n\n\n<p>Plazo de presentaci\u00f3n: hasta el 15 de mayo de 2025.\u00a0<\/p>\n\n\n\n<p>Cuant\u00eda premio: 1.000 euros.&nbsp;<\/p>\n\n\n\n<p>Bases <a href=\"https:\/\/museodeleon.com\/actividades\/xi-concurso-de-fotografia-en-blanco-y-negro\/\" target=\"_blank\" rel=\"noreferrer noopener\">Concurso Internacional de Fotograf\u00eda en Blanco y Negro Museo de Le\u00f3n<\/a>.\u00a0<\/p>\n\n\n\n<h3 class=\"wp-block-heading\">Premio Internacional de Fotograf\u00eda Jal\u00f3n \u00c1ngel\u00a0<\/h3>\n\n\n\n<p>Edici\u00f3n: XI&nbsp;<\/p>\n\n\n\n<p>Convoca: archivo Fotogr\u00e1fico Jal\u00f3n \u00c1ngel y Universidad San Jorge (Grupo San Valero).\u00a0<\/p>\n\n\n\n<p>Participantes: cualquier autor, espa\u00f1ol o extranjero, mayor de edad.\u00a0<\/p>\n\n\n\n<p>Cl\u00e1usulas: se establecen tres categor\u00edas: Retrato, Viajes y Sociedad Inclusiva.\u00a0<\/p>\n\n\n\n<p>Plazo de presentaci\u00f3n: hasta el 26 de mayo de 2025.\u00a0<\/p>\n\n\n\n<p>Cuant\u00eda premio: 1.500 euros para cada una de las categor\u00edas.&nbsp;<\/p>\n\n\n\n<p>Bases <a href=\"https:\/\/www.jalonangel.com\/premio\" target=\"_blank\" rel=\"noreferrer noopener\">Premio Internacional de Fotograf\u00eda Jal\u00f3n \u00c1ngel<\/a>.<\/p>\n\n\n\n<h3 class=\"wp-block-heading\">Concurso Nacional de Fotograf\u00eda Fotoparques 2025\u00a0<\/h3>\n\n\n\n<p>Edici\u00f3n: 2\u00aa&nbsp;<\/p>\n\n\n\n<p>Convoca: Asociaci\u00f3n En El Medio.&nbsp;<\/p>\n\n\n\n<p>Participantes: abierto a cualquier fot\u00f3grafo mayor de 18 a\u00f1os, nacional o extranjero.\u00a0<\/p>\n\n\n\n<p>Cl\u00e1usulas: dedicado a los 16 parques nacionales espa\u00f1oles. Podr\u00e1n presentarse hasta siete fotograf\u00edas, de un solo parque o de varios a la vez.\u00a0<\/p>\n\n\n\n<p>Plazo de presentaci\u00f3n: 15 de mayo (ampliado hasta el 30 de junio de 2025).&nbsp;<\/p>\n\n\n\n<p>Cuant\u00eda premio: 3.000 euros (primer premio), 1.000 euros (segundo), y 500 euros (tercero). Otros premios a categor\u00edas especiales.&nbsp;<\/p>\n\n\n\n<p>Bases <a href=\"https:\/\/www.fotoparques.org\/bases\/\" target=\"_blank\" rel=\"noreferrer noopener\">Concurso Nacional de Fotograf\u00eda Fotoparques 2025<\/a>.\u00a0\u00a0\u00a0\u00a0<\/p>\n\n\n\n<h2 class=\"wp-block-heading\">CINE, VIDEO, ANIMACI\u00d3N Y C\u00d3MIC\u00a0<\/h2>\n\n\n\n<h3 class=\"wp-block-heading\">Concurso Secuencias\/VEGAP\u00a0<\/h3>\n\n\n\n<p>Modalidades: Video creaci\u00f3n, animaci\u00f3n y aplicaciones interactivas audiovisuales.&nbsp;<\/p>\n\n\n\n<p>Edici\u00f3n: &#8211;&nbsp;<\/p>\n\n\n\n<p>Convoca: VEGAP.&nbsp;<\/p>\n\n\n\n<p>Participantes: artistas menores de 35 a\u00f1os.\u00a0<\/p>\n\n\n\n<p>Plazo de presentaci\u00f3n: hasta el 13 de mayo de 2025.\u00a0<\/p>\n\n\n\n<p>Cuant\u00eda premio: 18.000 euros (6.000 euros para cada modalidad).&nbsp;<\/p>\n\n\n\n<p>Bases <a href=\"https:\/\/secuenciasvegap.com\/index.php\/bases-secuencias\/\" target=\"_blank\" rel=\"noreferrer noopener\">Concurso Secuencias\/VEGAP<\/a>.\u00a0\u00a0\u00a0<\/p>\n\n\n\n<h3 class=\"wp-block-heading\">Premio Santa Isabel de C\u00f3mic\u00a0\u00a0\u00a0\u00a0<\/h3>\n\n\n\n<p>Modalidad: C\u00f3mic.&nbsp;<\/p>\n\n\n\n<p>Edici\u00f3n: IV (2025).&nbsp;<\/p>\n\n\n\n<p>Convoca: Diputaci\u00f3n Provincial de Zaragoza.&nbsp;<\/p>\n\n\n\n<p>Participantes: personas nacidas o empadronadas en Arag\u00f3n desde al menos un a\u00f1o.\u00a0<\/p>\n\n\n\n<p>Cl\u00e1usulas: se presentar\u00e1 un proyecto del c\u00f3mic en proceso, incluyendo un dossier de 500 palabras con la historia, personajes y dise\u00f1o, y cinco p\u00e1ginas consecutivas acabadas.\u00a0<\/p>\n\n\n\n<p>Plazo de presentaci\u00f3n: hasta el 15 de mayo de 2025.\u00a0<\/p>\n\n\n\n<p>Cuant\u00eda premio: Relato: 5.000 euros.&nbsp;<\/p>\n\n\n\n<p>Bases <a href=\"https:\/\/www.dpz.es\/noticias\/la-diputacion-de-zaragoza-convoca-una-nueva-edicion-de-sus-premios-santa-isabel-de-comic-y-guion-audiovisual\" target=\"_blank\" rel=\"noreferrer noopener\">Premio Santa Isabel de C\u00f3mic<\/a>.\u00a0<\/p>\n\n\n\n<h3 class=\"wp-block-heading\">Festival de Cine Generamma\u00a0<\/h3>\n\n\n\n<p>Modalidades: Cortometrajes dirigidos por mujeres.&nbsp;<\/p>\n\n\n\n<p>Edici\u00f3n: 1\u00aa (5\u00aa edici\u00f3n del Festival)&nbsp;<\/p>\n\n\n\n<p>Convoca: Asociaci\u00f3n Andaluza de Mujeres de los Medios Audiovisuales (AMMA).&nbsp;<\/p>\n\n\n\n<p>Participantes: mujeres espa\u00f1olas o residentes en Espa\u00f1a, Europa, Am\u00e9rica Latina y el Caribe.\u00a0<\/p>\n\n\n\n<p>Cl\u00e1usulas: las obras pueden presentarse en cualquier idioma, y no deben superar los 20 minutos.\u00a0<\/p>\n\n\n\n<p>Plazo de presentaci\u00f3n: hasta el 30 de mayo de 2025.\u00a0<\/p>\n\n\n\n<p>Cuant\u00eda premio: estatuilla y un vale para servicios de realizaci\u00f3n de DCP.\u00a0<\/p>\n\n\n\n<p>Bases <a href=\"https:\/\/generammafestival.com\/generamma-abre-inscripciones-para-su-seleccion-oficial-de-cortometrajes-2025\/\" target=\"_blank\" rel=\"noreferrer noopener\">Festival de Cine Generamma<\/a>.\u00a0\u00a0\u00a0\u00a0<\/p>\n\n\n\n<h3 class=\"wp-block-heading\">Festival Internacional de Cine de Ponferrada\u00a0<\/h3>\n\n\n\n<p>Modalidad: Cortometraje de ficci\u00f3n, documental, animaci\u00f3n o experimental.&nbsp;<\/p>\n\n\n\n<p>Edici\u00f3n: 23\u00aa (2025)&nbsp;<\/p>\n\n\n\n<p>Convoca: Asociaci\u00f3n \u00abMi Retina me Enga\u00f1a\u00bb y Ayuntamiento de Ponferrada.\u00a0<\/p>\n\n\n\n<p>Cl\u00e1usulas: pel\u00edculas producidas y rodadas con posterioridad al 1 de enero de 2024. La duraci\u00f3n m\u00e1xima no podr\u00e1 exceder los 30 minutos.\u00a0<\/p>\n\n\n\n<p>Plazo de presentaci\u00f3n: hasta el 31 de mayo de 2025.\u00a0<\/p>\n\n\n\n<p>Cuant\u00eda premio: 1.000 euros mejor cortometraje nacional y 1.000 euros mejor cortometraje internacional, adem\u00e1s de otros premios y acc\u00e9sits.&nbsp;<\/p>\n\n\n\n<p>Bases <a href=\"https:\/\/ponferradafilmfestival.com\/media\/archivos\/2025\/04\/BASES-DE-PARTICIPACI%C3%93N-2025.pdf\" target=\"_blank\" rel=\"noreferrer noopener\">Festival Internacional de Cine de Ponferrada<\/a>.\u00a0<\/p>\n","protected":false},"excerpt":{"rendered":"<p>Te compartimos las claves de 28 cert\u00e1menes para autores espa\u00f1oles, desde literatura, pintura, fotograf\u00eda, c\u00f3mic hasta cortometraje. <\/p>\n","protected":false},"author":29,"featured_media":10689,"comment_status":"open","ping_status":"open","sticky":false,"template":"","format":"standard","meta":{"_acf_changed":false,"footnotes":""},"categories":[290],"tags":[231,240],"class_list":{"0":"post-10688","1":"post","2":"type-post","3":"status-publish","4":"format-standard","5":"has-post-thumbnail","7":"category-agenda-de-concursos","8":"tag-concursos","9":"tag-mayo"},"acf":[],"_links":{"self":[{"href":"https:\/\/www.safecreative.org\/tips\/es\/wp-json\/wp\/v2\/posts\/10688","targetHints":{"allow":["GET"]}}],"collection":[{"href":"https:\/\/www.safecreative.org\/tips\/es\/wp-json\/wp\/v2\/posts"}],"about":[{"href":"https:\/\/www.safecreative.org\/tips\/es\/wp-json\/wp\/v2\/types\/post"}],"author":[{"embeddable":true,"href":"https:\/\/www.safecreative.org\/tips\/es\/wp-json\/wp\/v2\/users\/29"}],"replies":[{"embeddable":true,"href":"https:\/\/www.safecreative.org\/tips\/es\/wp-json\/wp\/v2\/comments?post=10688"}],"version-history":[{"count":8,"href":"https:\/\/www.safecreative.org\/tips\/es\/wp-json\/wp\/v2\/posts\/10688\/revisions"}],"predecessor-version":[{"id":12144,"href":"https:\/\/www.safecreative.org\/tips\/es\/wp-json\/wp\/v2\/posts\/10688\/revisions\/12144"}],"wp:featuredmedia":[{"embeddable":true,"href":"https:\/\/www.safecreative.org\/tips\/es\/wp-json\/wp\/v2\/media\/10689"}],"wp:attachment":[{"href":"https:\/\/www.safecreative.org\/tips\/es\/wp-json\/wp\/v2\/media?parent=10688"}],"wp:term":[{"taxonomy":"category","embeddable":true,"href":"https:\/\/www.safecreative.org\/tips\/es\/wp-json\/wp\/v2\/categories?post=10688"},{"taxonomy":"post_tag","embeddable":true,"href":"https:\/\/www.safecreative.org\/tips\/es\/wp-json\/wp\/v2\/tags?post=10688"}],"curies":[{"name":"wp","href":"https:\/\/api.w.org\/{rel}","templated":true}]}}