{"id":5194,"date":"2016-06-06T13:32:08","date_gmt":"2016-06-06T11:32:08","guid":{"rendered":"https:\/\/www.safecreative.org\/blog\/es\/?p=5194"},"modified":"2022-12-28T11:52:22","modified_gmt":"2022-12-28T10:52:22","slug":"jamendo-y-safe-creative-renuevan-colaboracion","status":"publish","type":"post","link":"https:\/\/www.safecreative.org\/blog\/es\/2016\/06\/06\/jamendo-y-safe-creative-renuevan-colaboracion\/","title":{"rendered":"Jamendo y Safe Creative renuevan colaboraci\u00f3n"},"content":{"rendered":"<p><img loading=\"lazy\" decoding=\"async\" class=\"aligncenter size-full wp-image-5210\" src=\"https:\/\/www.safecreative.org\/blog\/es\/wp-content\/uploads\/2016\/05\/052016jamendo-safecreative.png\" alt=\"Jamendo y Safe Creative - Acuerdo 2016 \" width=\"600\" height=\"355\" srcset=\"https:\/\/www.safecreative.org\/blog\/es\/wp-content\/uploads\/2016\/05\/052016jamendo-safecreative.png 600w, https:\/\/www.safecreative.org\/blog\/es\/wp-content\/uploads\/2016\/05\/052016jamendo-safecreative-300x178.png 300w\" sizes=\"auto, (max-width: 600px) 100vw, 600px\" \/>Nos alegramos de anunciar un nuevo acuerdo de colaboraci\u00f3n con <a href=\"http:\/\/www.jamendo.com\/\" target=\"_blank\" rel=\"noopener\">Jamendo<\/a>. Como seguramente ya sabr\u00e9is, se trata de una de las mayores comunidades de m\u00fasica independiente de Internet, y tambi\u00e9n una de las m\u00e1s veteranas en el mundo de la <strong>m\u00fasica Creative Commons.&nbsp;<\/strong>(\u00a1No deber\u00eda sorprender que nos guste tanto trabajar con ellos!)<\/p>\n<p>Esperamos que el acuerdo beneficie tanto a m\u00fasicos como a sus fans, a tiendas y negocios interesados en utilizar su m\u00fasica, aportando transparencia y seguridad.<\/p>\n<p>En Safe Creative hemos tenido el placer de colaborar con Jamendo en otras ocasiones. De hecho, desde el principio del registro. Firmamos el primer acuerdo <a href=\"https:\/\/www.safecreative.org\/blog\/es\/2009\/09\/03\/garantia-safecreative-para-artistas-jamendo\/\" target=\"_blank\" rel=\"noopener\">en 2009, para que los m\u00fasicos de Jamendo pudieran registrar su m\u00fasica en Safe Creative<\/a>&nbsp;a trav\u00e9s del API. Mediante este nuevo acuerdo Jamendo actuar\u00e1 en representaci\u00f3n de los artistas, gestionando profesionalmente sus obras y registrando gran parte de su cat\u00e1logo. El objetivo es que poco a poco todos los artistas de Jamendo puedan registrar sus obras de forma eficaz y segura.<\/p>\n<blockquote><p><i>\u00abSafe Creative y Jamendo llevan funcionando desde hace 10 a\u00f1os, y comparten en su ADN el deseo de ayudar a los creadores de m\u00fasica a compartir sus obras de forma correcta. Era l\u00f3gico y natural fortalecer nuestra asociaci\u00f3n para permitir a nuestros artistas sentirse m\u00e1s seguros compartiendo su m\u00fasica en Internet. Estamos encantados de llevar esta colaboraci\u00f3n al siguiente nivel.\u00bb<\/i><\/p>\n<p>(Martin Guerber, Music &amp; Content Manager de Jamendo)<\/p><\/blockquote>\n<p>La generaci\u00f3n de pruebas s\u00f3lidas basadas en la tecnolog\u00eda es clave para la difusi\u00f3n segura de las obras en Internet. Este tipo de pruebas facilitan hacer un uso adecuado de las obras, tanto en entornos digitales como anal\u00f3gicos, licenciar y ofrecer un trato justo a los autores. Las herramientas tecnol\u00f3gicas ayudan a eliminar la fricci\u00f3n en todos los procesos para el uso de obras protegidas por derechos de autor y agilizan los procesos necesarios para beneficiar a creadores y consumidores.<\/p>\n<blockquote><p><em>\u00abNos alegramos mucho de seguir trabajando con Jamendo para ofrecer a sus m\u00fasicos las mejores herramientas. Con su conocimiento y experiencia, podemos mantenernos al d\u00eda y conocer las necesidades de los m\u00fasicos para compartir de forma segura su trabajo.\u00bb<\/em><\/p>\n<p>(Mario Pena, CBDO de Safe Creative)<\/p><\/blockquote>\n<p>Desde Safe Creative y Jamendo seguiremos trabajando y colaborando para mejorar cada d\u00eda la vida de los m\u00fasicos en Internet.<\/p>\n<div><\/div>\n<div>\n<p>Acerca de:<\/p>\n<ul>\n<li>&nbsp;Jamendo se cre\u00f3 en <strong>2004<\/strong>, y actualmente disponde de un cat\u00e1logo de m\u00e1s de<strong> 500.000<\/strong> <strong>composiciones<\/strong> compartidas&nbsp;de forma gratuita&nbsp;por&nbsp;<strong>40.000<\/strong> <strong>artistas<\/strong> de todo el mundo. A lo largo de los a\u00f1os, una comunidad internacional de amantes de la m\u00fasica se ha reunido&nbsp;en torno al modelo at\u00edpico de Jamendo, sumando&nbsp;hoy un total de <strong>2&#8217;5 millones<\/strong> <strong>de usuarios.&nbsp;<\/strong><\/li>\n<li>&nbsp;Safe Creative, fundado en <strong>2007<\/strong>, es el registro privado l\u00edder en Internet, con una comunidad de m\u00e1s de <strong>200.000 usuarios<\/strong>&nbsp;y m\u00e1s de <strong>2 millones de obras<\/strong> registradas, de toda clase de disciplinas creativas y acad\u00e9micas.<\/li>\n<\/ul>\n<\/div>\n<!-- AddThis Advanced Settings generic via filter on the_content --><!-- AddThis Share Buttons generic via filter on the_content -->","protected":false},"excerpt":{"rendered":"<p>Nos alegramos de anunciar un nuevo acuerdo de colaboraci\u00f3n con Jamendo. Como seguramente ya sabr\u00e9is, se trata de una de las mayores comunidades de m\u00fasica&hellip;<!-- AddThis Advanced Settings generic via filter on get_the_excerpt --><!-- AddThis Share Buttons generic via filter on get_the_excerpt --><\/p>\n","protected":false},"author":20,"featured_media":5210,"comment_status":"open","ping_status":"open","sticky":false,"template":"","format":"standard","meta":{"footnotes":""},"categories":[8],"tags":[159,321],"class_list":["post-5194","post","type-post","status-publish","format-standard","has-post-thumbnail","hentry","category-noticias","tag-colaboracion","tag-musica","has-post-thumbnail-archive"],"yoast_head":"<!-- This site is optimized with the Yoast SEO plugin v27.5 - https:\/\/yoast.com\/product\/yoast-seo-wordpress\/ -->\n<title>Jamendo y Safe Creative renuevan colaboraci\u00f3n<\/title>\n<meta name=\"description\" content=\"Jamendo y Safe Creative firman un nuevo acuerdo para que en un futuro todos los m\u00fasicos de Jamendo puedan proteger sus obras de forma segura.\" \/>\n<meta name=\"robots\" content=\"noindex, follow\" \/>\n<meta property=\"og:locale\" content=\"es_ES\" \/>\n<meta property=\"og:type\" content=\"article\" \/>\n<meta property=\"og:title\" content=\"Jamendo y Safe Creative renuevan colaboraci\u00f3n\" \/>\n<meta property=\"og:description\" content=\"Jamendo y Safe Creative firman un nuevo acuerdo para que en un futuro todos los m\u00fasicos de Jamendo puedan proteger sus obras de forma segura.\" \/>\n<meta property=\"og:url\" content=\"https:\/\/www.safecreative.org\/blog\/es\/2016\/06\/06\/jamendo-y-safe-creative-renuevan-colaboracion\/\" \/>\n<meta property=\"og:site_name\" content=\"Safe Creative: Blog\" \/>\n<meta property=\"article:publisher\" content=\"https:\/\/www.facebook.com\/safecreative\" \/>\n<meta property=\"article:published_time\" content=\"2016-06-06T11:32:08+00:00\" \/>\n<meta property=\"article:modified_time\" content=\"2022-12-28T10:52:22+00:00\" \/>\n<meta property=\"og:image\" content=\"https:\/\/www.safecreative.org\/blog\/es\/wp-content\/uploads\/2016\/05\/052016jamendo-safecreative.png\" \/>\n\t<meta property=\"og:image:width\" content=\"600\" \/>\n\t<meta property=\"og:image:height\" content=\"355\" \/>\n\t<meta property=\"og:image:type\" content=\"image\/png\" \/>\n<meta name=\"author\" content=\"Marta Palacio\" \/>\n<meta name=\"twitter:card\" content=\"summary_large_image\" \/>\n<meta name=\"twitter:title\" content=\"Jamendo y Safe Creative renuevan colaboraci\u00f3n\" \/>\n<meta name=\"twitter:description\" content=\"Jamendo y Safe Creative firman un nuevo acuerdo para que en un futuro todos los m\u00fasicos de Jamendo puedan proteger sus obras de forma segura.\" \/>\n<meta name=\"twitter:creator\" content=\"@safecreative\" \/>\n<meta name=\"twitter:site\" content=\"@safecreative\" \/>\n<meta name=\"twitter:label1\" content=\"Written by\" \/>\n\t<meta name=\"twitter:data1\" content=\"Marta Palacio\" \/>\n\t<meta name=\"twitter:label2\" content=\"Est. reading time\" \/>\n\t<meta name=\"twitter:data2\" content=\"3 minutos\" \/>\n<script type=\"application\/ld+json\" class=\"yoast-schema-graph\">{\"@context\":\"https:\\\/\\\/schema.org\",\"@graph\":[{\"@type\":\"Article\",\"@id\":\"https:\\\/\\\/www.safecreative.org\\\/blog\\\/es\\\/2016\\\/06\\\/06\\\/jamendo-y-safe-creative-renuevan-colaboracion\\\/#article\",\"isPartOf\":{\"@id\":\"https:\\\/\\\/www.safecreative.org\\\/blog\\\/es\\\/2016\\\/06\\\/06\\\/jamendo-y-safe-creative-renuevan-colaboracion\\\/\"},\"author\":{\"name\":\"Marta Palacio\",\"@id\":\"https:\\\/\\\/www.safecreative.org\\\/blog\\\/es\\\/#\\\/schema\\\/person\\\/b5e3f83b5a5104366e1f9107c20df060\"},\"headline\":\"Jamendo y Safe Creative renuevan colaboraci\u00f3n\",\"datePublished\":\"2016-06-06T11:32:08+00:00\",\"dateModified\":\"2022-12-28T10:52:22+00:00\",\"mainEntityOfPage\":{\"@id\":\"https:\\\/\\\/www.safecreative.org\\\/blog\\\/es\\\/2016\\\/06\\\/06\\\/jamendo-y-safe-creative-renuevan-colaboracion\\\/\"},\"wordCount\":527,\"commentCount\":3,\"publisher\":{\"@id\":\"https:\\\/\\\/www.safecreative.org\\\/blog\\\/es\\\/#organization\"},\"image\":{\"@id\":\"https:\\\/\\\/www.safecreative.org\\\/blog\\\/es\\\/2016\\\/06\\\/06\\\/jamendo-y-safe-creative-renuevan-colaboracion\\\/#primaryimage\"},\"thumbnailUrl\":\"https:\\\/\\\/www.safecreative.org\\\/blog\\\/es\\\/wp-content\\\/uploads\\\/2016\\\/05\\\/052016jamendo-safecreative.png\",\"keywords\":[\"colaboraci\u00f3n\",\"m\u00fasica\"],\"articleSection\":[\"Noticias\"],\"inLanguage\":\"es\",\"potentialAction\":[{\"@type\":\"CommentAction\",\"name\":\"Comment\",\"target\":[\"https:\\\/\\\/www.safecreative.org\\\/blog\\\/es\\\/2016\\\/06\\\/06\\\/jamendo-y-safe-creative-renuevan-colaboracion\\\/#respond\"]}]},{\"@type\":\"WebPage\",\"@id\":\"https:\\\/\\\/www.safecreative.org\\\/blog\\\/es\\\/2016\\\/06\\\/06\\\/jamendo-y-safe-creative-renuevan-colaboracion\\\/\",\"url\":\"https:\\\/\\\/www.safecreative.org\\\/blog\\\/es\\\/2016\\\/06\\\/06\\\/jamendo-y-safe-creative-renuevan-colaboracion\\\/\",\"name\":\"Jamendo y Safe Creative renuevan colaboraci\u00f3n\",\"isPartOf\":{\"@id\":\"https:\\\/\\\/www.safecreative.org\\\/blog\\\/es\\\/#website\"},\"primaryImageOfPage\":{\"@id\":\"https:\\\/\\\/www.safecreative.org\\\/blog\\\/es\\\/2016\\\/06\\\/06\\\/jamendo-y-safe-creative-renuevan-colaboracion\\\/#primaryimage\"},\"image\":{\"@id\":\"https:\\\/\\\/www.safecreative.org\\\/blog\\\/es\\\/2016\\\/06\\\/06\\\/jamendo-y-safe-creative-renuevan-colaboracion\\\/#primaryimage\"},\"thumbnailUrl\":\"https:\\\/\\\/www.safecreative.org\\\/blog\\\/es\\\/wp-content\\\/uploads\\\/2016\\\/05\\\/052016jamendo-safecreative.png\",\"datePublished\":\"2016-06-06T11:32:08+00:00\",\"dateModified\":\"2022-12-28T10:52:22+00:00\",\"description\":\"Jamendo y Safe Creative firman un nuevo acuerdo para que en un futuro todos los m\u00fasicos de Jamendo puedan proteger sus obras de forma segura.\",\"breadcrumb\":{\"@id\":\"https:\\\/\\\/www.safecreative.org\\\/blog\\\/es\\\/2016\\\/06\\\/06\\\/jamendo-y-safe-creative-renuevan-colaboracion\\\/#breadcrumb\"},\"inLanguage\":\"es\",\"potentialAction\":[{\"@type\":\"ReadAction\",\"target\":[\"https:\\\/\\\/www.safecreative.org\\\/blog\\\/es\\\/2016\\\/06\\\/06\\\/jamendo-y-safe-creative-renuevan-colaboracion\\\/\"]}]},{\"@type\":\"ImageObject\",\"inLanguage\":\"es\",\"@id\":\"https:\\\/\\\/www.safecreative.org\\\/blog\\\/es\\\/2016\\\/06\\\/06\\\/jamendo-y-safe-creative-renuevan-colaboracion\\\/#primaryimage\",\"url\":\"https:\\\/\\\/www.safecreative.org\\\/blog\\\/es\\\/wp-content\\\/uploads\\\/2016\\\/05\\\/052016jamendo-safecreative.png\",\"contentUrl\":\"https:\\\/\\\/www.safecreative.org\\\/blog\\\/es\\\/wp-content\\\/uploads\\\/2016\\\/05\\\/052016jamendo-safecreative.png\",\"width\":600,\"height\":355,\"caption\":\"Jamendo y Safe Creative - Acuerdo 2016\"},{\"@type\":\"BreadcrumbList\",\"@id\":\"https:\\\/\\\/www.safecreative.org\\\/blog\\\/es\\\/2016\\\/06\\\/06\\\/jamendo-y-safe-creative-renuevan-colaboracion\\\/#breadcrumb\",\"itemListElement\":[{\"@type\":\"ListItem\",\"position\":1,\"name\":\"Portada\",\"item\":\"https:\\\/\\\/www.safecreative.org\\\/blog\\\/es\\\/\"},{\"@type\":\"ListItem\",\"position\":2,\"name\":\"Jamendo y Safe Creative renuevan colaboraci\u00f3n\"}]},{\"@type\":\"WebSite\",\"@id\":\"https:\\\/\\\/www.safecreative.org\\\/blog\\\/es\\\/#website\",\"url\":\"https:\\\/\\\/www.safecreative.org\\\/blog\\\/es\\\/\",\"name\":\"Safe Creative: Blog\",\"description\":\"\",\"publisher\":{\"@id\":\"https:\\\/\\\/www.safecreative.org\\\/blog\\\/es\\\/#organization\"},\"potentialAction\":[{\"@type\":\"SearchAction\",\"target\":{\"@type\":\"EntryPoint\",\"urlTemplate\":\"https:\\\/\\\/www.safecreative.org\\\/blog\\\/es\\\/?s={search_term_string}\"},\"query-input\":{\"@type\":\"PropertyValueSpecification\",\"valueRequired\":true,\"valueName\":\"search_term_string\"}}],\"inLanguage\":\"es\"},{\"@type\":\"Organization\",\"@id\":\"https:\\\/\\\/www.safecreative.org\\\/blog\\\/es\\\/#organization\",\"name\":\"Safe Creative\",\"url\":\"https:\\\/\\\/www.safecreative.org\\\/blog\\\/es\\\/\",\"logo\":{\"@type\":\"ImageObject\",\"inLanguage\":\"es\",\"@id\":\"https:\\\/\\\/www.safecreative.org\\\/blog\\\/es\\\/#\\\/schema\\\/logo\\\/image\\\/\",\"url\":\"https:\\\/\\\/www.safecreative.org\\\/blog\\\/es\\\/wp-content\\\/uploads\\\/2024\\\/05\\\/texto-blog.png\",\"contentUrl\":\"https:\\\/\\\/www.safecreative.org\\\/blog\\\/es\\\/wp-content\\\/uploads\\\/2024\\\/05\\\/texto-blog.png\",\"width\":953,\"height\":183,\"caption\":\"Safe Creative\"},\"image\":{\"@id\":\"https:\\\/\\\/www.safecreative.org\\\/blog\\\/es\\\/#\\\/schema\\\/logo\\\/image\\\/\"},\"sameAs\":[\"https:\\\/\\\/www.facebook.com\\\/safecreative\",\"https:\\\/\\\/x.com\\\/safecreative\",\"https:\\\/\\\/www.instagram.com\\\/safecreative\\\/\",\"https:\\\/\\\/www.linkedin.com\\\/company\\\/safe-creative\\\/\",\"https:\\\/\\\/www.youtube.com\\\/c\\\/safecreative\"]},{\"@type\":\"Person\",\"@id\":\"https:\\\/\\\/www.safecreative.org\\\/blog\\\/es\\\/#\\\/schema\\\/person\\\/b5e3f83b5a5104366e1f9107c20df060\",\"name\":\"Marta Palacio\",\"image\":{\"@type\":\"ImageObject\",\"inLanguage\":\"es\",\"@id\":\"https:\\\/\\\/secure.gravatar.com\\\/avatar\\\/47c9648f8613a02ea6eb70adce9c5f6b46d8ab3fe09ec5fccd403e23575f32c5?s=96&d=mm&r=g\",\"url\":\"https:\\\/\\\/secure.gravatar.com\\\/avatar\\\/47c9648f8613a02ea6eb70adce9c5f6b46d8ab3fe09ec5fccd403e23575f32c5?s=96&d=mm&r=g\",\"contentUrl\":\"https:\\\/\\\/secure.gravatar.com\\\/avatar\\\/47c9648f8613a02ea6eb70adce9c5f6b46d8ab3fe09ec5fccd403e23575f32c5?s=96&d=mm&r=g\",\"caption\":\"Marta Palacio\"},\"sameAs\":[\"https:\\\/\\\/www.safecreative.org\\\/blog\\\/es\\\/author\\\/mpalacio\\\/\"],\"url\":\"https:\\\/\\\/www.safecreative.org\\\/blog\\\/es\\\/author\\\/mpalacio\\\/\"}]}<\/script>\n<!-- \/ Yoast SEO plugin. -->","yoast_head_json":{"title":"Jamendo y Safe Creative renuevan colaboraci\u00f3n","description":"Jamendo y Safe Creative firman un nuevo acuerdo para que en un futuro todos los m\u00fasicos de Jamendo puedan proteger sus obras de forma segura.","robots":{"index":"noindex","follow":"follow"},"og_locale":"es_ES","og_type":"article","og_title":"Jamendo y Safe Creative renuevan colaboraci\u00f3n","og_description":"Jamendo y Safe Creative firman un nuevo acuerdo para que en un futuro todos los m\u00fasicos de Jamendo puedan proteger sus obras de forma segura.","og_url":"https:\/\/www.safecreative.org\/blog\/es\/2016\/06\/06\/jamendo-y-safe-creative-renuevan-colaboracion\/","og_site_name":"Safe Creative: Blog","article_publisher":"https:\/\/www.facebook.com\/safecreative","article_published_time":"2016-06-06T11:32:08+00:00","article_modified_time":"2022-12-28T10:52:22+00:00","og_image":[{"width":600,"height":355,"url":"https:\/\/www.safecreative.org\/blog\/es\/wp-content\/uploads\/2016\/05\/052016jamendo-safecreative.png","type":"image\/png"}],"author":"Marta Palacio","twitter_card":"summary_large_image","twitter_title":"Jamendo y Safe Creative renuevan colaboraci\u00f3n","twitter_description":"Jamendo y Safe Creative firman un nuevo acuerdo para que en un futuro todos los m\u00fasicos de Jamendo puedan proteger sus obras de forma segura.","twitter_creator":"@safecreative","twitter_site":"@safecreative","twitter_misc":{"Written by":"Marta Palacio","Est. reading time":"3 minutos"},"schema":{"@context":"https:\/\/schema.org","@graph":[{"@type":"Article","@id":"https:\/\/www.safecreative.org\/blog\/es\/2016\/06\/06\/jamendo-y-safe-creative-renuevan-colaboracion\/#article","isPartOf":{"@id":"https:\/\/www.safecreative.org\/blog\/es\/2016\/06\/06\/jamendo-y-safe-creative-renuevan-colaboracion\/"},"author":{"name":"Marta Palacio","@id":"https:\/\/www.safecreative.org\/blog\/es\/#\/schema\/person\/b5e3f83b5a5104366e1f9107c20df060"},"headline":"Jamendo y Safe Creative renuevan colaboraci\u00f3n","datePublished":"2016-06-06T11:32:08+00:00","dateModified":"2022-12-28T10:52:22+00:00","mainEntityOfPage":{"@id":"https:\/\/www.safecreative.org\/blog\/es\/2016\/06\/06\/jamendo-y-safe-creative-renuevan-colaboracion\/"},"wordCount":527,"commentCount":3,"publisher":{"@id":"https:\/\/www.safecreative.org\/blog\/es\/#organization"},"image":{"@id":"https:\/\/www.safecreative.org\/blog\/es\/2016\/06\/06\/jamendo-y-safe-creative-renuevan-colaboracion\/#primaryimage"},"thumbnailUrl":"https:\/\/www.safecreative.org\/blog\/es\/wp-content\/uploads\/2016\/05\/052016jamendo-safecreative.png","keywords":["colaboraci\u00f3n","m\u00fasica"],"articleSection":["Noticias"],"inLanguage":"es","potentialAction":[{"@type":"CommentAction","name":"Comment","target":["https:\/\/www.safecreative.org\/blog\/es\/2016\/06\/06\/jamendo-y-safe-creative-renuevan-colaboracion\/#respond"]}]},{"@type":"WebPage","@id":"https:\/\/www.safecreative.org\/blog\/es\/2016\/06\/06\/jamendo-y-safe-creative-renuevan-colaboracion\/","url":"https:\/\/www.safecreative.org\/blog\/es\/2016\/06\/06\/jamendo-y-safe-creative-renuevan-colaboracion\/","name":"Jamendo y Safe Creative renuevan colaboraci\u00f3n","isPartOf":{"@id":"https:\/\/www.safecreative.org\/blog\/es\/#website"},"primaryImageOfPage":{"@id":"https:\/\/www.safecreative.org\/blog\/es\/2016\/06\/06\/jamendo-y-safe-creative-renuevan-colaboracion\/#primaryimage"},"image":{"@id":"https:\/\/www.safecreative.org\/blog\/es\/2016\/06\/06\/jamendo-y-safe-creative-renuevan-colaboracion\/#primaryimage"},"thumbnailUrl":"https:\/\/www.safecreative.org\/blog\/es\/wp-content\/uploads\/2016\/05\/052016jamendo-safecreative.png","datePublished":"2016-06-06T11:32:08+00:00","dateModified":"2022-12-28T10:52:22+00:00","description":"Jamendo y Safe Creative firman un nuevo acuerdo para que en un futuro todos los m\u00fasicos de Jamendo puedan proteger sus obras de forma segura.","breadcrumb":{"@id":"https:\/\/www.safecreative.org\/blog\/es\/2016\/06\/06\/jamendo-y-safe-creative-renuevan-colaboracion\/#breadcrumb"},"inLanguage":"es","potentialAction":[{"@type":"ReadAction","target":["https:\/\/www.safecreative.org\/blog\/es\/2016\/06\/06\/jamendo-y-safe-creative-renuevan-colaboracion\/"]}]},{"@type":"ImageObject","inLanguage":"es","@id":"https:\/\/www.safecreative.org\/blog\/es\/2016\/06\/06\/jamendo-y-safe-creative-renuevan-colaboracion\/#primaryimage","url":"https:\/\/www.safecreative.org\/blog\/es\/wp-content\/uploads\/2016\/05\/052016jamendo-safecreative.png","contentUrl":"https:\/\/www.safecreative.org\/blog\/es\/wp-content\/uploads\/2016\/05\/052016jamendo-safecreative.png","width":600,"height":355,"caption":"Jamendo y Safe Creative - Acuerdo 2016"},{"@type":"BreadcrumbList","@id":"https:\/\/www.safecreative.org\/blog\/es\/2016\/06\/06\/jamendo-y-safe-creative-renuevan-colaboracion\/#breadcrumb","itemListElement":[{"@type":"ListItem","position":1,"name":"Portada","item":"https:\/\/www.safecreative.org\/blog\/es\/"},{"@type":"ListItem","position":2,"name":"Jamendo y Safe Creative renuevan colaboraci\u00f3n"}]},{"@type":"WebSite","@id":"https:\/\/www.safecreative.org\/blog\/es\/#website","url":"https:\/\/www.safecreative.org\/blog\/es\/","name":"Safe Creative: Blog","description":"","publisher":{"@id":"https:\/\/www.safecreative.org\/blog\/es\/#organization"},"potentialAction":[{"@type":"SearchAction","target":{"@type":"EntryPoint","urlTemplate":"https:\/\/www.safecreative.org\/blog\/es\/?s={search_term_string}"},"query-input":{"@type":"PropertyValueSpecification","valueRequired":true,"valueName":"search_term_string"}}],"inLanguage":"es"},{"@type":"Organization","@id":"https:\/\/www.safecreative.org\/blog\/es\/#organization","name":"Safe Creative","url":"https:\/\/www.safecreative.org\/blog\/es\/","logo":{"@type":"ImageObject","inLanguage":"es","@id":"https:\/\/www.safecreative.org\/blog\/es\/#\/schema\/logo\/image\/","url":"https:\/\/www.safecreative.org\/blog\/es\/wp-content\/uploads\/2024\/05\/texto-blog.png","contentUrl":"https:\/\/www.safecreative.org\/blog\/es\/wp-content\/uploads\/2024\/05\/texto-blog.png","width":953,"height":183,"caption":"Safe Creative"},"image":{"@id":"https:\/\/www.safecreative.org\/blog\/es\/#\/schema\/logo\/image\/"},"sameAs":["https:\/\/www.facebook.com\/safecreative","https:\/\/x.com\/safecreative","https:\/\/www.instagram.com\/safecreative\/","https:\/\/www.linkedin.com\/company\/safe-creative\/","https:\/\/www.youtube.com\/c\/safecreative"]},{"@type":"Person","@id":"https:\/\/www.safecreative.org\/blog\/es\/#\/schema\/person\/b5e3f83b5a5104366e1f9107c20df060","name":"Marta Palacio","image":{"@type":"ImageObject","inLanguage":"es","@id":"https:\/\/secure.gravatar.com\/avatar\/47c9648f8613a02ea6eb70adce9c5f6b46d8ab3fe09ec5fccd403e23575f32c5?s=96&d=mm&r=g","url":"https:\/\/secure.gravatar.com\/avatar\/47c9648f8613a02ea6eb70adce9c5f6b46d8ab3fe09ec5fccd403e23575f32c5?s=96&d=mm&r=g","contentUrl":"https:\/\/secure.gravatar.com\/avatar\/47c9648f8613a02ea6eb70adce9c5f6b46d8ab3fe09ec5fccd403e23575f32c5?s=96&d=mm&r=g","caption":"Marta Palacio"},"sameAs":["https:\/\/www.safecreative.org\/blog\/es\/author\/mpalacio\/"],"url":"https:\/\/www.safecreative.org\/blog\/es\/author\/mpalacio\/"}]}},"_links":{"self":[{"href":"https:\/\/www.safecreative.org\/blog\/es\/wp-json\/wp\/v2\/posts\/5194","targetHints":{"allow":["GET"]}}],"collection":[{"href":"https:\/\/www.safecreative.org\/blog\/es\/wp-json\/wp\/v2\/posts"}],"about":[{"href":"https:\/\/www.safecreative.org\/blog\/es\/wp-json\/wp\/v2\/types\/post"}],"author":[{"embeddable":true,"href":"https:\/\/www.safecreative.org\/blog\/es\/wp-json\/wp\/v2\/users\/20"}],"replies":[{"embeddable":true,"href":"https:\/\/www.safecreative.org\/blog\/es\/wp-json\/wp\/v2\/comments?post=5194"}],"version-history":[{"count":10,"href":"https:\/\/www.safecreative.org\/blog\/es\/wp-json\/wp\/v2\/posts\/5194\/revisions"}],"predecessor-version":[{"id":8464,"href":"https:\/\/www.safecreative.org\/blog\/es\/wp-json\/wp\/v2\/posts\/5194\/revisions\/8464"}],"wp:featuredmedia":[{"embeddable":true,"href":"https:\/\/www.safecreative.org\/blog\/es\/wp-json\/wp\/v2\/media\/5210"}],"wp:attachment":[{"href":"https:\/\/www.safecreative.org\/blog\/es\/wp-json\/wp\/v2\/media?parent=5194"}],"wp:term":[{"taxonomy":"category","embeddable":true,"href":"https:\/\/www.safecreative.org\/blog\/es\/wp-json\/wp\/v2\/categories?post=5194"},{"taxonomy":"post_tag","embeddable":true,"href":"https:\/\/www.safecreative.org\/blog\/es\/wp-json\/wp\/v2\/tags?post=5194"}],"curies":[{"name":"wp","href":"https:\/\/api.w.org\/{rel}","templated":true}]}}