{"id":4375,"date":"2014-10-22T13:37:10","date_gmt":"2014-10-22T11:37:10","guid":{"rendered":"https:\/\/www.safecreative.org\/blog\/es\/?p=4375"},"modified":"2022-12-28T12:29:06","modified_gmt":"2022-12-28T11:29:06","slug":"la-autoedicion-de-obras-literarias-desde-la-perspectiva-de-la-propiedad-intelectual","status":"publish","type":"post","link":"https:\/\/www.safecreative.org\/blog\/es\/2014\/10\/22\/la-autoedicion-de-obras-literarias-desde-la-perspectiva-de-la-propiedad-intelectual\/","title":{"rendered":"La autoedici\u00f3n de obras literarias desde la perspectiva de la Propiedad Intelectual"},"content":{"rendered":"<p><a href=\"https:\/\/www.wattpad.com\/\"><img loading=\"lazy\" decoding=\"async\" class=\"alignleft wp-image-4376 size-thumbnail\" src=\"https:\/\/www.safecreative.org\/blog\/es\/wp-content\/uploads\/2014\/10\/unnamed-150x150.png\" alt=\"unnamed\" width=\"150\" height=\"150\" srcset=\"https:\/\/www.safecreative.org\/blog\/es\/wp-content\/uploads\/2014\/10\/unnamed-150x150.png 150w, https:\/\/www.safecreative.org\/blog\/es\/wp-content\/uploads\/2014\/10\/unnamed-75x75.png 75w, https:\/\/www.safecreative.org\/blog\/es\/wp-content\/uploads\/2014\/10\/unnamed.png 300w\" sizes=\"auto, (max-width: 150px) 100vw, 150px\" \/><\/a>La digitalizaci\u00f3n de los medios y la generalizaci\u00f3n del acceso a Internet, ha puesto al alcance de la mano de los autores la posibilidad de editar digitalmente sus propias obras literarias. Sin intermediarios. Cada vez es m\u00e1s frecuente el salto al papel de textos que previamente obtuvieron el benepl\u00e1cito del p\u00fablico en su versi\u00f3n digital o que fueron rescatados del olvido para el mercado editorial tradicional gracias a la accesibilidad de la obra digital.<\/p>\n<p>En la autoedici\u00f3n de libros es frecuente la publicaci\u00f3n secuencial de los cap\u00edtulos a medida que el autor va terminando cada uno de ellos hasta completar el texto final. Alguno incluso, desarrolla la trama seg\u00fan el feedback que recibe de sus lectores. Desde la perspectiva del derecho a la Propiedad Intelectual, cada cap\u00edtulo publicado, por el mero hecho de su creaci\u00f3n, es objeto de propiedad intelectual.&nbsp; Tambi\u00e9n la obra una vez terminada, as\u00ed como las distintas versiones, borradores y bocetos que de la misma haga el autor. Naturalmente esas creaciones deber\u00e1n cumplir la condici\u00f3n que impone la Ley: que sean originales. Por lo tanto a efectos probatorios de la autor\u00eda frente a terceros ser\u00e1 conveniente crear evidencias de la autor\u00eda, en nuestro caso de cada cap\u00edtulo (y por ende, su t\u00edtulo) por separado y de la obra final. Labor en la que resultan especialmente \u00fatiles por su sencillez y bajo coste los <a href=\"https:\/\/www.safecreative.org\">registros de propiedad intelectual on line<\/a> como Safe Creative.<a href=\"http:\/\/www.entreescritores.com\/\"><img loading=\"lazy\" decoding=\"async\" class=\"alignright\" src=\"https:\/\/www.safecreative.org\/blog\/es\/wp-content\/uploads\/2009\/10\/entreescritores.png\" alt=\"\" width=\"200\" height=\"65\"><\/a><\/p>\n<p>Al respecto de las obras literarias por cap\u00edtulos, quiz\u00e1s convenga recordar que la Ley distingue entre el concepto de divulgaci\u00f3n y publicaci\u00f3n. As\u00ed entiende por divulgaci\u00f3n de una obra toda expresi\u00f3n de la misma que, con el consentimiento del autor, la haga accesible por primera vez al p\u00fablico en cualquier forma; y por publicaci\u00f3n, la divulgaci\u00f3n que se realice mediante la puesta a disposici\u00f3n del p\u00fablico de un n\u00famero de ejemplares de la obra que satisfaga razonablemente sus necesidades estimadas de acuerdo con la naturaleza y finalidad de la misma.<\/p>\n<p>Esta distinci\u00f3n resulta relevante, entre otras cuestiones y en relaci\u00f3n al asunto que comentamos, para determinar el plazo de protecci\u00f3n de las obras divulgadas por partes.&nbsp; As\u00ed, el texto refundido de la Ley de Propiedad Intelectual establece que los derechos de explotaci\u00f3n de la obra durar\u00e1n toda la vida del autor y setenta a\u00f1os despu\u00e9s de su muerte o declaraci\u00f3n de fallecimiento. No obstante, en el frecuente caso de la divulgaci\u00f3n de obras an\u00f3nimas o bajo seud\u00f3nimo, los derechos de explotaci\u00f3n durar\u00e1n setenta a\u00f1os desde su divulgaci\u00f3n l\u00edcita. Pues bien,&nbsp; a la hora de computar ese el plazo de duraci\u00f3n en el caso de obras divulgadas por partes, vol\u00famenes, entregas o fasc\u00edculos, que no sean independientes, dicho plazo se computar\u00e1 por separado para cada elemento.<\/p>\n<p>Juan Carlos Meli\u00e1n de <a href=\"http:\/\/mymabogados.com\/\">Meli\u00e1n Abogados<\/a><\/p>\n<p>&nbsp;<\/p>\n<!-- AddThis Advanced Settings generic via filter on the_content --><!-- AddThis Share Buttons generic via filter on the_content -->","protected":false},"excerpt":{"rendered":"<p>La digitalizaci\u00f3n de los medios y la generalizaci\u00f3n del acceso a Internet, ha puesto al alcance de la mano de los autores la posibilidad de&hellip;<!-- AddThis Advanced Settings generic via filter on get_the_excerpt --><!-- AddThis Share Buttons generic via filter on get_the_excerpt --><\/p>\n","protected":false},"author":2,"featured_media":4376,"comment_status":"open","ping_status":"open","sticky":false,"template":"","format":"standard","meta":{"footnotes":""},"categories":[4],"tags":[],"class_list":["post-4375","post","type-post","status-publish","format-standard","has-post-thumbnail","hentry","category-juridicos","has-post-thumbnail-archive"],"yoast_head":"<!-- This site is optimized with the Yoast SEO plugin v27.5 - https:\/\/yoast.com\/product\/yoast-seo-wordpress\/ -->\n<title>La autoedici\u00f3n de obras literarias desde la perspectiva de la Propiedad Intelectual - Safe Creative: Blog<\/title>\n<meta name=\"robots\" content=\"noindex, follow\" \/>\n<meta property=\"og:locale\" content=\"es_ES\" \/>\n<meta property=\"og:type\" content=\"article\" \/>\n<meta property=\"og:title\" content=\"La autoedici\u00f3n de obras literarias desde la perspectiva de la Propiedad Intelectual - Safe Creative: Blog\" \/>\n<meta property=\"og:description\" content=\"La digitalizaci\u00f3n de los medios y la generalizaci\u00f3n del acceso a Internet, ha puesto al alcance de la mano de los autores la posibilidad de&hellip;\" \/>\n<meta property=\"og:url\" content=\"https:\/\/www.safecreative.org\/blog\/es\/2014\/10\/22\/la-autoedicion-de-obras-literarias-desde-la-perspectiva-de-la-propiedad-intelectual\/\" \/>\n<meta property=\"og:site_name\" content=\"Safe Creative: Blog\" \/>\n<meta property=\"article:publisher\" content=\"https:\/\/www.facebook.com\/safecreative\" \/>\n<meta property=\"article:published_time\" content=\"2014-10-22T11:37:10+00:00\" \/>\n<meta property=\"article:modified_time\" content=\"2022-12-28T11:29:06+00:00\" \/>\n<meta property=\"og:image\" content=\"https:\/\/www.safecreative.org\/blog\/es\/wp-content\/uploads\/2014\/10\/unnamed.png\" \/>\n\t<meta property=\"og:image:width\" content=\"300\" \/>\n\t<meta property=\"og:image:height\" content=\"300\" \/>\n\t<meta property=\"og:image:type\" content=\"image\/png\" \/>\n<meta name=\"author\" content=\"Mario Pena\" \/>\n<meta name=\"twitter:card\" content=\"summary_large_image\" \/>\n<meta name=\"twitter:creator\" content=\"@safecreative\" \/>\n<meta name=\"twitter:site\" content=\"@safecreative\" \/>\n<meta name=\"twitter:label1\" content=\"Written by\" \/>\n\t<meta name=\"twitter:data1\" content=\"Mario Pena\" \/>\n\t<meta name=\"twitter:label2\" content=\"Est. reading time\" \/>\n\t<meta name=\"twitter:data2\" content=\"3 minutos\" \/>\n<script type=\"application\/ld+json\" class=\"yoast-schema-graph\">{\"@context\":\"https:\\\/\\\/schema.org\",\"@graph\":[{\"@type\":\"Article\",\"@id\":\"https:\\\/\\\/www.safecreative.org\\\/blog\\\/es\\\/2014\\\/10\\\/22\\\/la-autoedicion-de-obras-literarias-desde-la-perspectiva-de-la-propiedad-intelectual\\\/#article\",\"isPartOf\":{\"@id\":\"https:\\\/\\\/www.safecreative.org\\\/blog\\\/es\\\/2014\\\/10\\\/22\\\/la-autoedicion-de-obras-literarias-desde-la-perspectiva-de-la-propiedad-intelectual\\\/\"},\"author\":{\"name\":\"Mario Pena\",\"@id\":\"https:\\\/\\\/www.safecreative.org\\\/blog\\\/es\\\/#\\\/schema\\\/person\\\/cdb4c55a488e74ace635d06bb8247f64\"},\"headline\":\"La autoedici\u00f3n de obras literarias desde la perspectiva de la Propiedad Intelectual\",\"datePublished\":\"2014-10-22T11:37:10+00:00\",\"dateModified\":\"2022-12-28T11:29:06+00:00\",\"mainEntityOfPage\":{\"@id\":\"https:\\\/\\\/www.safecreative.org\\\/blog\\\/es\\\/2014\\\/10\\\/22\\\/la-autoedicion-de-obras-literarias-desde-la-perspectiva-de-la-propiedad-intelectual\\\/\"},\"wordCount\":525,\"commentCount\":10,\"publisher\":{\"@id\":\"https:\\\/\\\/www.safecreative.org\\\/blog\\\/es\\\/#organization\"},\"image\":{\"@id\":\"https:\\\/\\\/www.safecreative.org\\\/blog\\\/es\\\/2014\\\/10\\\/22\\\/la-autoedicion-de-obras-literarias-desde-la-perspectiva-de-la-propiedad-intelectual\\\/#primaryimage\"},\"thumbnailUrl\":\"https:\\\/\\\/www.safecreative.org\\\/blog\\\/es\\\/wp-content\\\/uploads\\\/2014\\\/10\\\/unnamed.png\",\"articleSection\":[\"Jur\u00eddicos\"],\"inLanguage\":\"es\",\"potentialAction\":[{\"@type\":\"CommentAction\",\"name\":\"Comment\",\"target\":[\"https:\\\/\\\/www.safecreative.org\\\/blog\\\/es\\\/2014\\\/10\\\/22\\\/la-autoedicion-de-obras-literarias-desde-la-perspectiva-de-la-propiedad-intelectual\\\/#respond\"]}]},{\"@type\":\"WebPage\",\"@id\":\"https:\\\/\\\/www.safecreative.org\\\/blog\\\/es\\\/2014\\\/10\\\/22\\\/la-autoedicion-de-obras-literarias-desde-la-perspectiva-de-la-propiedad-intelectual\\\/\",\"url\":\"https:\\\/\\\/www.safecreative.org\\\/blog\\\/es\\\/2014\\\/10\\\/22\\\/la-autoedicion-de-obras-literarias-desde-la-perspectiva-de-la-propiedad-intelectual\\\/\",\"name\":\"La autoedici\u00f3n de obras literarias desde la perspectiva de la Propiedad Intelectual - Safe Creative: Blog\",\"isPartOf\":{\"@id\":\"https:\\\/\\\/www.safecreative.org\\\/blog\\\/es\\\/#website\"},\"primaryImageOfPage\":{\"@id\":\"https:\\\/\\\/www.safecreative.org\\\/blog\\\/es\\\/2014\\\/10\\\/22\\\/la-autoedicion-de-obras-literarias-desde-la-perspectiva-de-la-propiedad-intelectual\\\/#primaryimage\"},\"image\":{\"@id\":\"https:\\\/\\\/www.safecreative.org\\\/blog\\\/es\\\/2014\\\/10\\\/22\\\/la-autoedicion-de-obras-literarias-desde-la-perspectiva-de-la-propiedad-intelectual\\\/#primaryimage\"},\"thumbnailUrl\":\"https:\\\/\\\/www.safecreative.org\\\/blog\\\/es\\\/wp-content\\\/uploads\\\/2014\\\/10\\\/unnamed.png\",\"datePublished\":\"2014-10-22T11:37:10+00:00\",\"dateModified\":\"2022-12-28T11:29:06+00:00\",\"breadcrumb\":{\"@id\":\"https:\\\/\\\/www.safecreative.org\\\/blog\\\/es\\\/2014\\\/10\\\/22\\\/la-autoedicion-de-obras-literarias-desde-la-perspectiva-de-la-propiedad-intelectual\\\/#breadcrumb\"},\"inLanguage\":\"es\",\"potentialAction\":[{\"@type\":\"ReadAction\",\"target\":[\"https:\\\/\\\/www.safecreative.org\\\/blog\\\/es\\\/2014\\\/10\\\/22\\\/la-autoedicion-de-obras-literarias-desde-la-perspectiva-de-la-propiedad-intelectual\\\/\"]}]},{\"@type\":\"ImageObject\",\"inLanguage\":\"es\",\"@id\":\"https:\\\/\\\/www.safecreative.org\\\/blog\\\/es\\\/2014\\\/10\\\/22\\\/la-autoedicion-de-obras-literarias-desde-la-perspectiva-de-la-propiedad-intelectual\\\/#primaryimage\",\"url\":\"https:\\\/\\\/www.safecreative.org\\\/blog\\\/es\\\/wp-content\\\/uploads\\\/2014\\\/10\\\/unnamed.png\",\"contentUrl\":\"https:\\\/\\\/www.safecreative.org\\\/blog\\\/es\\\/wp-content\\\/uploads\\\/2014\\\/10\\\/unnamed.png\",\"width\":300,\"height\":300},{\"@type\":\"BreadcrumbList\",\"@id\":\"https:\\\/\\\/www.safecreative.org\\\/blog\\\/es\\\/2014\\\/10\\\/22\\\/la-autoedicion-de-obras-literarias-desde-la-perspectiva-de-la-propiedad-intelectual\\\/#breadcrumb\",\"itemListElement\":[{\"@type\":\"ListItem\",\"position\":1,\"name\":\"Portada\",\"item\":\"https:\\\/\\\/www.safecreative.org\\\/blog\\\/es\\\/\"},{\"@type\":\"ListItem\",\"position\":2,\"name\":\"La autoedici\u00f3n de obras literarias desde la perspectiva de la Propiedad Intelectual\"}]},{\"@type\":\"WebSite\",\"@id\":\"https:\\\/\\\/www.safecreative.org\\\/blog\\\/es\\\/#website\",\"url\":\"https:\\\/\\\/www.safecreative.org\\\/blog\\\/es\\\/\",\"name\":\"Safe Creative: Blog\",\"description\":\"\",\"publisher\":{\"@id\":\"https:\\\/\\\/www.safecreative.org\\\/blog\\\/es\\\/#organization\"},\"potentialAction\":[{\"@type\":\"SearchAction\",\"target\":{\"@type\":\"EntryPoint\",\"urlTemplate\":\"https:\\\/\\\/www.safecreative.org\\\/blog\\\/es\\\/?s={search_term_string}\"},\"query-input\":{\"@type\":\"PropertyValueSpecification\",\"valueRequired\":true,\"valueName\":\"search_term_string\"}}],\"inLanguage\":\"es\"},{\"@type\":\"Organization\",\"@id\":\"https:\\\/\\\/www.safecreative.org\\\/blog\\\/es\\\/#organization\",\"name\":\"Safe Creative\",\"url\":\"https:\\\/\\\/www.safecreative.org\\\/blog\\\/es\\\/\",\"logo\":{\"@type\":\"ImageObject\",\"inLanguage\":\"es\",\"@id\":\"https:\\\/\\\/www.safecreative.org\\\/blog\\\/es\\\/#\\\/schema\\\/logo\\\/image\\\/\",\"url\":\"https:\\\/\\\/www.safecreative.org\\\/blog\\\/es\\\/wp-content\\\/uploads\\\/2024\\\/05\\\/texto-blog.png\",\"contentUrl\":\"https:\\\/\\\/www.safecreative.org\\\/blog\\\/es\\\/wp-content\\\/uploads\\\/2024\\\/05\\\/texto-blog.png\",\"width\":953,\"height\":183,\"caption\":\"Safe Creative\"},\"image\":{\"@id\":\"https:\\\/\\\/www.safecreative.org\\\/blog\\\/es\\\/#\\\/schema\\\/logo\\\/image\\\/\"},\"sameAs\":[\"https:\\\/\\\/www.facebook.com\\\/safecreative\",\"https:\\\/\\\/x.com\\\/safecreative\",\"https:\\\/\\\/www.instagram.com\\\/safecreative\\\/\",\"https:\\\/\\\/www.linkedin.com\\\/company\\\/safe-creative\\\/\",\"https:\\\/\\\/www.youtube.com\\\/c\\\/safecreative\"]},{\"@type\":\"Person\",\"@id\":\"https:\\\/\\\/www.safecreative.org\\\/blog\\\/es\\\/#\\\/schema\\\/person\\\/cdb4c55a488e74ace635d06bb8247f64\",\"name\":\"Mario Pena\",\"image\":{\"@type\":\"ImageObject\",\"inLanguage\":\"es\",\"@id\":\"https:\\\/\\\/secure.gravatar.com\\\/avatar\\\/25b860fc6c512b72ae978be4402aae59fef002be65b3ad45b60d9067ffe60758?s=96&d=mm&r=g\",\"url\":\"https:\\\/\\\/secure.gravatar.com\\\/avatar\\\/25b860fc6c512b72ae978be4402aae59fef002be65b3ad45b60d9067ffe60758?s=96&d=mm&r=g\",\"contentUrl\":\"https:\\\/\\\/secure.gravatar.com\\\/avatar\\\/25b860fc6c512b72ae978be4402aae59fef002be65b3ad45b60d9067ffe60758?s=96&d=mm&r=g\",\"caption\":\"Mario Pena\"},\"description\":\"Director de Operaciones de Safe Creative, es un antiguo t\u00e9cnico inform\u00e1tico. Se encarga de las operaciones diarias de Safe Creative y Safe Stamper. Ha dado charlas por todo el mundo sobre los derechos de autor y los retos del registro de autor en Internet.\",\"sameAs\":[\"http:\\\/\\\/www.safecreative.org\"],\"url\":\"https:\\\/\\\/www.safecreative.org\\\/blog\\\/es\\\/author\\\/mpena\\\/\"}]}<\/script>\n<!-- \/ Yoast SEO plugin. -->","yoast_head_json":{"title":"La autoedici\u00f3n de obras literarias desde la perspectiva de la Propiedad Intelectual - Safe Creative: Blog","robots":{"index":"noindex","follow":"follow"},"og_locale":"es_ES","og_type":"article","og_title":"La autoedici\u00f3n de obras literarias desde la perspectiva de la Propiedad Intelectual - Safe Creative: Blog","og_description":"La digitalizaci\u00f3n de los medios y la generalizaci\u00f3n del acceso a Internet, ha puesto al alcance de la mano de los autores la posibilidad de&hellip;","og_url":"https:\/\/www.safecreative.org\/blog\/es\/2014\/10\/22\/la-autoedicion-de-obras-literarias-desde-la-perspectiva-de-la-propiedad-intelectual\/","og_site_name":"Safe Creative: Blog","article_publisher":"https:\/\/www.facebook.com\/safecreative","article_published_time":"2014-10-22T11:37:10+00:00","article_modified_time":"2022-12-28T11:29:06+00:00","og_image":[{"width":300,"height":300,"url":"https:\/\/www.safecreative.org\/blog\/es\/wp-content\/uploads\/2014\/10\/unnamed.png","type":"image\/png"}],"author":"Mario Pena","twitter_card":"summary_large_image","twitter_creator":"@safecreative","twitter_site":"@safecreative","twitter_misc":{"Written by":"Mario Pena","Est. reading time":"3 minutos"},"schema":{"@context":"https:\/\/schema.org","@graph":[{"@type":"Article","@id":"https:\/\/www.safecreative.org\/blog\/es\/2014\/10\/22\/la-autoedicion-de-obras-literarias-desde-la-perspectiva-de-la-propiedad-intelectual\/#article","isPartOf":{"@id":"https:\/\/www.safecreative.org\/blog\/es\/2014\/10\/22\/la-autoedicion-de-obras-literarias-desde-la-perspectiva-de-la-propiedad-intelectual\/"},"author":{"name":"Mario Pena","@id":"https:\/\/www.safecreative.org\/blog\/es\/#\/schema\/person\/cdb4c55a488e74ace635d06bb8247f64"},"headline":"La autoedici\u00f3n de obras literarias desde la perspectiva de la Propiedad Intelectual","datePublished":"2014-10-22T11:37:10+00:00","dateModified":"2022-12-28T11:29:06+00:00","mainEntityOfPage":{"@id":"https:\/\/www.safecreative.org\/blog\/es\/2014\/10\/22\/la-autoedicion-de-obras-literarias-desde-la-perspectiva-de-la-propiedad-intelectual\/"},"wordCount":525,"commentCount":10,"publisher":{"@id":"https:\/\/www.safecreative.org\/blog\/es\/#organization"},"image":{"@id":"https:\/\/www.safecreative.org\/blog\/es\/2014\/10\/22\/la-autoedicion-de-obras-literarias-desde-la-perspectiva-de-la-propiedad-intelectual\/#primaryimage"},"thumbnailUrl":"https:\/\/www.safecreative.org\/blog\/es\/wp-content\/uploads\/2014\/10\/unnamed.png","articleSection":["Jur\u00eddicos"],"inLanguage":"es","potentialAction":[{"@type":"CommentAction","name":"Comment","target":["https:\/\/www.safecreative.org\/blog\/es\/2014\/10\/22\/la-autoedicion-de-obras-literarias-desde-la-perspectiva-de-la-propiedad-intelectual\/#respond"]}]},{"@type":"WebPage","@id":"https:\/\/www.safecreative.org\/blog\/es\/2014\/10\/22\/la-autoedicion-de-obras-literarias-desde-la-perspectiva-de-la-propiedad-intelectual\/","url":"https:\/\/www.safecreative.org\/blog\/es\/2014\/10\/22\/la-autoedicion-de-obras-literarias-desde-la-perspectiva-de-la-propiedad-intelectual\/","name":"La autoedici\u00f3n de obras literarias desde la perspectiva de la Propiedad Intelectual - Safe Creative: Blog","isPartOf":{"@id":"https:\/\/www.safecreative.org\/blog\/es\/#website"},"primaryImageOfPage":{"@id":"https:\/\/www.safecreative.org\/blog\/es\/2014\/10\/22\/la-autoedicion-de-obras-literarias-desde-la-perspectiva-de-la-propiedad-intelectual\/#primaryimage"},"image":{"@id":"https:\/\/www.safecreative.org\/blog\/es\/2014\/10\/22\/la-autoedicion-de-obras-literarias-desde-la-perspectiva-de-la-propiedad-intelectual\/#primaryimage"},"thumbnailUrl":"https:\/\/www.safecreative.org\/blog\/es\/wp-content\/uploads\/2014\/10\/unnamed.png","datePublished":"2014-10-22T11:37:10+00:00","dateModified":"2022-12-28T11:29:06+00:00","breadcrumb":{"@id":"https:\/\/www.safecreative.org\/blog\/es\/2014\/10\/22\/la-autoedicion-de-obras-literarias-desde-la-perspectiva-de-la-propiedad-intelectual\/#breadcrumb"},"inLanguage":"es","potentialAction":[{"@type":"ReadAction","target":["https:\/\/www.safecreative.org\/blog\/es\/2014\/10\/22\/la-autoedicion-de-obras-literarias-desde-la-perspectiva-de-la-propiedad-intelectual\/"]}]},{"@type":"ImageObject","inLanguage":"es","@id":"https:\/\/www.safecreative.org\/blog\/es\/2014\/10\/22\/la-autoedicion-de-obras-literarias-desde-la-perspectiva-de-la-propiedad-intelectual\/#primaryimage","url":"https:\/\/www.safecreative.org\/blog\/es\/wp-content\/uploads\/2014\/10\/unnamed.png","contentUrl":"https:\/\/www.safecreative.org\/blog\/es\/wp-content\/uploads\/2014\/10\/unnamed.png","width":300,"height":300},{"@type":"BreadcrumbList","@id":"https:\/\/www.safecreative.org\/blog\/es\/2014\/10\/22\/la-autoedicion-de-obras-literarias-desde-la-perspectiva-de-la-propiedad-intelectual\/#breadcrumb","itemListElement":[{"@type":"ListItem","position":1,"name":"Portada","item":"https:\/\/www.safecreative.org\/blog\/es\/"},{"@type":"ListItem","position":2,"name":"La autoedici\u00f3n de obras literarias desde la perspectiva de la Propiedad Intelectual"}]},{"@type":"WebSite","@id":"https:\/\/www.safecreative.org\/blog\/es\/#website","url":"https:\/\/www.safecreative.org\/blog\/es\/","name":"Safe Creative: Blog","description":"","publisher":{"@id":"https:\/\/www.safecreative.org\/blog\/es\/#organization"},"potentialAction":[{"@type":"SearchAction","target":{"@type":"EntryPoint","urlTemplate":"https:\/\/www.safecreative.org\/blog\/es\/?s={search_term_string}"},"query-input":{"@type":"PropertyValueSpecification","valueRequired":true,"valueName":"search_term_string"}}],"inLanguage":"es"},{"@type":"Organization","@id":"https:\/\/www.safecreative.org\/blog\/es\/#organization","name":"Safe Creative","url":"https:\/\/www.safecreative.org\/blog\/es\/","logo":{"@type":"ImageObject","inLanguage":"es","@id":"https:\/\/www.safecreative.org\/blog\/es\/#\/schema\/logo\/image\/","url":"https:\/\/www.safecreative.org\/blog\/es\/wp-content\/uploads\/2024\/05\/texto-blog.png","contentUrl":"https:\/\/www.safecreative.org\/blog\/es\/wp-content\/uploads\/2024\/05\/texto-blog.png","width":953,"height":183,"caption":"Safe Creative"},"image":{"@id":"https:\/\/www.safecreative.org\/blog\/es\/#\/schema\/logo\/image\/"},"sameAs":["https:\/\/www.facebook.com\/safecreative","https:\/\/x.com\/safecreative","https:\/\/www.instagram.com\/safecreative\/","https:\/\/www.linkedin.com\/company\/safe-creative\/","https:\/\/www.youtube.com\/c\/safecreative"]},{"@type":"Person","@id":"https:\/\/www.safecreative.org\/blog\/es\/#\/schema\/person\/cdb4c55a488e74ace635d06bb8247f64","name":"Mario Pena","image":{"@type":"ImageObject","inLanguage":"es","@id":"https:\/\/secure.gravatar.com\/avatar\/25b860fc6c512b72ae978be4402aae59fef002be65b3ad45b60d9067ffe60758?s=96&d=mm&r=g","url":"https:\/\/secure.gravatar.com\/avatar\/25b860fc6c512b72ae978be4402aae59fef002be65b3ad45b60d9067ffe60758?s=96&d=mm&r=g","contentUrl":"https:\/\/secure.gravatar.com\/avatar\/25b860fc6c512b72ae978be4402aae59fef002be65b3ad45b60d9067ffe60758?s=96&d=mm&r=g","caption":"Mario Pena"},"description":"Director de Operaciones de Safe Creative, es un antiguo t\u00e9cnico inform\u00e1tico. Se encarga de las operaciones diarias de Safe Creative y Safe Stamper. Ha dado charlas por todo el mundo sobre los derechos de autor y los retos del registro de autor en Internet.","sameAs":["http:\/\/www.safecreative.org"],"url":"https:\/\/www.safecreative.org\/blog\/es\/author\/mpena\/"}]}},"_links":{"self":[{"href":"https:\/\/www.safecreative.org\/blog\/es\/wp-json\/wp\/v2\/posts\/4375","targetHints":{"allow":["GET"]}}],"collection":[{"href":"https:\/\/www.safecreative.org\/blog\/es\/wp-json\/wp\/v2\/posts"}],"about":[{"href":"https:\/\/www.safecreative.org\/blog\/es\/wp-json\/wp\/v2\/types\/post"}],"author":[{"embeddable":true,"href":"https:\/\/www.safecreative.org\/blog\/es\/wp-json\/wp\/v2\/users\/2"}],"replies":[{"embeddable":true,"href":"https:\/\/www.safecreative.org\/blog\/es\/wp-json\/wp\/v2\/comments?post=4375"}],"version-history":[{"count":7,"href":"https:\/\/www.safecreative.org\/blog\/es\/wp-json\/wp\/v2\/posts\/4375\/revisions"}],"predecessor-version":[{"id":8496,"href":"https:\/\/www.safecreative.org\/blog\/es\/wp-json\/wp\/v2\/posts\/4375\/revisions\/8496"}],"wp:featuredmedia":[{"embeddable":true,"href":"https:\/\/www.safecreative.org\/blog\/es\/wp-json\/wp\/v2\/media\/4376"}],"wp:attachment":[{"href":"https:\/\/www.safecreative.org\/blog\/es\/wp-json\/wp\/v2\/media?parent=4375"}],"wp:term":[{"taxonomy":"category","embeddable":true,"href":"https:\/\/www.safecreative.org\/blog\/es\/wp-json\/wp\/v2\/categories?post=4375"},{"taxonomy":"post_tag","embeddable":true,"href":"https:\/\/www.safecreative.org\/blog\/es\/wp-json\/wp\/v2\/tags?post=4375"}],"curies":[{"name":"wp","href":"https:\/\/api.w.org\/{rel}","templated":true}]}}